{"id":1004,"date":"2014-03-14T16:55:29","date_gmt":"2014-03-14T16:55:29","guid":{"rendered":"http:\/\/lewebpedagogique.com\/presencesenligne\/?p=1004"},"modified":"2014-03-14T16:55:29","modified_gmt":"2014-03-14T16:55:29","slug":"a-ne-pas-voir-exposition-sol-lewitt-au-centre-pompidou-metz","status":"publish","type":"post","link":"https:\/\/fonderie-infocom.net\/blognumerique\/index.php\/2014\/03\/14\/a-ne-pas-voir-exposition-sol-lewitt-au-centre-pompidou-metz\/","title":{"rendered":"A ne pas voir : exposition Sol LeWitt au Centre Pompidou-Metz !"},"content":{"rendered":"<p>Bien que le Centre Pompidou-Metz ne propose qu&#8217;une seule exposition en ce moment, et que celle-ci ne concerne qu&#8217;une seule galerie, elle vaut le coup d&#8217;oeil.<\/p>\n<p>Comme pour pallier ce manque \u00e0 voir de son lieu, le Centre propose des m\u00e9diations int\u00e9ressantes. En d\u00e9ambulant dans les couloirs j&#8217;ai pu apercevoir un groupe d&#8217;enfants particuli\u00e8rement int\u00e9ress\u00e9s \u00e0 l&#8217;exposition gr\u00e2ce \u00e0 une m\u00e9diatrice entra\u00eenante. Pour preuve, j&#8217;ai pass\u00e9 plus de temps \u00e0 \u00e9couter cette dame qu&#8217;\u00e0 visiter l&#8217;exposition ! Ayant refus\u00e9 les audio-guides et ne comprenant pas compl\u00e8tement cette exposition, je me suis compl\u00e8tement d\u00e9sint\u00e9ress\u00e9e du sujet pour \u00e9couter cette femme. Au fur et \u00e0 mesure de mes d\u00e9ambulations, je me suis aper\u00e7ue qu&#8217;une autre jeune femme guidait un groupe de jeunes adultes \u00e9tudiants en histoire de l&#8217;art.<\/p>\n<p>En r\u00e9alit\u00e9, l&#8217;exposition en elle-m\u00eame l&#8217;a d\u00e9\u00e7ue, tout comme le fait que le Centre ne la propose que seule, sans rien d&#8217;autre \u00e0 voir. Par contre, j&#8217;y retournerai la prochaine fois en prenant rendez-vous pour une visite-guid\u00e9e. Il semblerait donc que le Centre Pompidou-Metz ne donne rien \u00e0 voir sans m\u00e9diation.<\/p>\n","protected":false},"excerpt":{"rendered":"<p>Bien que le Centre Pompidou-Metz ne propose qu&#8217;une seule exposition en ce moment, et que celle-ci ne concerne qu&#8217;une seule galerie, elle vaut le coup d&#8217;oeil. Comme pour pallier ce&#8230;<\/p>\n","protected":false},"author":8,"featured_media":0,"comment_status":"open","ping_status":"open","sticky":false,"template":"","format":"standard","meta":[],"categories":[2,1],"tags":[],"_links":{"self":[{"href":"https:\/\/fonderie-infocom.net\/blognumerique\/index.php\/wp-json\/wp\/v2\/posts\/1004"}],"collection":[{"href":"https:\/\/fonderie-infocom.net\/blognumerique\/index.php\/wp-json\/wp\/v2\/posts"}],"about":[{"href":"https:\/\/fonderie-infocom.net\/blognumerique\/index.php\/wp-json\/wp\/v2\/types\/post"}],"author":[{"embeddable":true,"href":"https:\/\/fonderie-infocom.net\/blognumerique\/index.php\/wp-json\/wp\/v2\/users\/8"}],"replies":[{"embeddable":true,"href":"https:\/\/fonderie-infocom.net\/blognumerique\/index.php\/wp-json\/wp\/v2\/comments?post=1004"}],"version-history":[{"count":0,"href":"https:\/\/fonderie-infocom.net\/blognumerique\/index.php\/wp-json\/wp\/v2\/posts\/1004\/revisions"}],"wp:attachment":[{"href":"https:\/\/fonderie-infocom.net\/blognumerique\/index.php\/wp-json\/wp\/v2\/media?parent=1004"}],"wp:term":[{"attributes":{"taxonomy":"category","embeddable":true},"href":"https:\/\/fonderie-infocom.net\/blognumerique\/index.php\/wp-json\/wp\/v2\/categories?post=1004"},{"attributes":{"taxonomy":"post_tag","embeddable":true},"href":"https:\/\/fonderie-infocom.net\/blognumerique\/index.php\/wp-json\/wp\/v2\/tags?post=1004"}],"curies":[{"name":"wp","href":"https:\/\/api.w.org\/{rel}","templated":true}]}}