{"id":1059,"date":"2013-04-29T19:43:44","date_gmt":"2013-04-29T19:43:44","guid":{"rendered":"http:\/\/lewebpedagogique.com\/presencesenligne\/?p=1059"},"modified":"2013-04-29T19:43:44","modified_gmt":"2013-04-29T19:43:44","slug":"les-musees-de-roumanie-3-bucarest","status":"publish","type":"post","link":"https:\/\/fonderie-infocom.net\/blognumerique\/index.php\/2013\/04\/29\/les-musees-de-roumanie-3-bucarest\/","title":{"rendered":"Les mus\u00e9es de Roumanie &#8211; 3 (Bucarest)"},"content":{"rendered":"<p>Bonjour\u00a0!<\/p>\n<p>Ce n\u2019est pas possible de ne pas pr\u00e9senter les mus\u00e9es de la capitale de la Roumanie, Bucarest.<\/p>\n<p>La ville de Bucarest se trouve au sud-est de la Roumanie, 44\u00b0 24 &#8216; de latitude nord et 26\u00b0 05&#8217; de longitude est.<\/p>\n<p>La premi\u00e8re attestation documentaire de Bucarest date de 20 septembre 1459. La ville a \u00e9t\u00e9 l&#8217;une des capitales de l&#8217;ancienne province roumaine \u2013 la Valachie qui sera l\u2019autre moiti\u00e9 du \u00ab\u00a0c\u0153ur\u00a0\u00bb de la Roumanie cr\u00e9\u00e9e comme \u00e9tat national en 1859. L\u2019histoire m\u00e9di\u00e9vale de la ville et du pays a \u00e9t\u00e9 marqu\u00e9e par la lutte contre L\u2019empire ottoman, mais l\u2019\u00e9poque moderne marquera une transformation profonde. Le village pill\u00e9 est remplac\u00e9 par une capitale \u00e9l\u00e9gante dont l\u2019architecture est d\u2019inspiration fran\u00e7aise. Elle arrive \u00e0 \u00eatre surnomm\u00e9e \u00ab\u00a0le petit Paris\u00a0\u00bb.<\/p>\n<p>Bucarest abonde en mus\u00e9es, si on compare le nombre avec celui des autres villes roumaines, ils ont de riches collections, mais leurs activit\u00e9s n\u2019envisagent pas la modernit\u00e9. Sur les 32 mus\u00e9es et maisons comm\u00e9moratives qui se trouvent \u00e0 Bucarest, seuls deux mus\u00e9es, le \u00a0Mus\u00e9e du Paysan et le Mus\u00e9e National d&#8217;Art Contemporain, ont renouvel\u00e9 leurs collections sp\u00e9cifiques et surtout la m\u00e9diation de leurs expositions.<\/p>\n<p>Tout de m\u00eame, dans les pr\u00e9f\u00e9rences du grand public restent le Mus\u00e9e du Village Roumain, le Mus\u00e9e National d&#8217;Art et le Mus\u00e9e d&#8217;Histoire Naturelle &#8220;Grigore Antipa&#8221;. Le nombre des visiteurs par an, pour le premier d\u2019entre eux, vous fera rire, peut-\u00eatre, 207.000 visiteurs en 2007. (La Roumanie a une population de 22 millions d\u2019habitants et la capitale \u2013 2 millions.) Ce classement r\u00e9sulte d&#8217;une combinaison de crit\u00e8res li\u00e9s \u00e0 la richesse et l&#8217;int\u00e9r\u00eat des collections, les techniques de pr\u00e9sentation et les discours,\u00a0\u00e0 la qualit\u00e9 des services du mus\u00e9e (catalogues, visites guid\u00e9es), la promotion des \u00e9v\u00e9nements, \u00e0 d\u2019autres activit\u00e9s telles les projets de recherche, les relations professionnelles et acad\u00e9miques avec les fondations et d&#8217;autres institutions, les activit\u00e9s \u00e9ducatives, la participation \u00e0 des festivals, etc.<\/p>\n<p>Le Mus\u00e9e du Paysan est rouvert en 1990. Le nouveau directeur, Horia Bernea, r\u00e9ussit en seulement six ans d\u2019obtenir une distinction avec laquelle aucun autre mus\u00e9e roumain ne peut pas se vanter: le Prix europ\u00e9en du mus\u00e9e de l&#8217;ann\u00e9e. Le comit\u00e9 charg\u00e9 d\u2019accorder cette distinction a \u00e9tudi\u00e9 la repr\u00e9sentativit\u00e9 et l&#8217;int\u00e9r\u00eat des collections, les expositions et les services du mus\u00e9e, l&#8217;environnement, la gestion, le personnel, les publications, la sensibilisation et la communication.<\/p>\n<p>Le Mus\u00e9e National d&#8217;Art poss\u00e8de l&#8217;une des collections les plus importantes et coh\u00e9rentes d&#8217;art, unique au monde par son objet, les plus jeunes mus\u00e9es peuvent difficilement rivaliser, mais son discours est un peu vieilli. Non seulement les galeries d&#8217;art roumain ancien et moderne sont impressionnantes, mais aussi la galerie d&#8217;art europ\u00e9en contient des chefs-d&#8217;\u0153uvre.<\/p>\n<p>Le Mus\u00e9e National de la G\u00e9ologie est l&#8217;un des mus\u00e9es moins connus de la ville, accueillant des expositions g\u00e9n\u00e9ralement int\u00e9ressantes.<\/p>\n<p>Le Mus\u00e9e National d&#8217;Histoire est un mus\u00e9e qui reste dans le pass\u00e9 au sens propre. Parfois c\u2019est difficile m\u00eame de trouver un m\u00e9diateur. C\u2019est dommage pour ces collections.<\/p>\n<p>Voil\u00e0 en quelques phrases ce que j\u2019ai consid\u00e9r\u00e9 que c\u2019est important \u00e0 voir en Roumanie si jamais vos pas y seront guid\u00e9s.<\/p>\n<p><a href=\"http:\/\/www.pmb.ro\/\">http:\/\/www.pmb.ro\/<\/a>\u00a0( le site officiel de la ville)<\/p>\n<p><a href=\"http:\/\/www.sibiu.ro\/ro2\/harta_ro.htm\">http:\/\/www.sibiu.ro\/ro2\/harta_ro.htm<\/a> (une carte de la Roumanie, pour localiser la ville)<\/p>\n<p><a href=\"http:\/\/www.muzeultaranuluiroman.ro\/\">http:\/\/www.muzeultaranuluiroman.ro\/<\/a>\u00a0(Le Mus\u00e9e du Paysan)<\/p>\n<p><a href=\"http:\/\/www.mnar.arts.ro\/\">http:\/\/www.mnar.arts.ro\/<\/a>\u00a0(Le Mus\u00e9e National d&#8217;Art)<\/p>\n<p><a href=\"http:\/\/www.antipa.ro\/\">http:\/\/www.antipa.ro\/<\/a>\u00a0(Le Mus\u00e9e d&#8217;Histoire Naturelle &#8220;Grigore Antipa&#8221;)<\/p>\n<p>&nbsp;<\/p>\n<p>&nbsp;<\/p>\n","protected":false},"excerpt":{"rendered":"<p>Bonjour\u00a0! Ce n\u2019est pas possible de ne pas pr\u00e9senter les mus\u00e9es de la capitale de la Roumanie, Bucarest. La ville de Bucarest se trouve au sud-est de la Roumanie, 44\u00b0&#8230;<\/p>\n","protected":false},"author":22,"featured_media":0,"comment_status":"open","ping_status":"open","sticky":false,"template":"","format":"standard","meta":[],"categories":[2,6],"tags":[],"_links":{"self":[{"href":"https:\/\/fonderie-infocom.net\/blognumerique\/index.php\/wp-json\/wp\/v2\/posts\/1059"}],"collection":[{"href":"https:\/\/fonderie-infocom.net\/blognumerique\/index.php\/wp-json\/wp\/v2\/posts"}],"about":[{"href":"https:\/\/fonderie-infocom.net\/blognumerique\/index.php\/wp-json\/wp\/v2\/types\/post"}],"author":[{"embeddable":true,"href":"https:\/\/fonderie-infocom.net\/blognumerique\/index.php\/wp-json\/wp\/v2\/users\/22"}],"replies":[{"embeddable":true,"href":"https:\/\/fonderie-infocom.net\/blognumerique\/index.php\/wp-json\/wp\/v2\/comments?post=1059"}],"version-history":[{"count":0,"href":"https:\/\/fonderie-infocom.net\/blognumerique\/index.php\/wp-json\/wp\/v2\/posts\/1059\/revisions"}],"wp:attachment":[{"href":"https:\/\/fonderie-infocom.net\/blognumerique\/index.php\/wp-json\/wp\/v2\/media?parent=1059"}],"wp:term":[{"attributes":{"taxonomy":"category","embeddable":true},"href":"https:\/\/fonderie-infocom.net\/blognumerique\/index.php\/wp-json\/wp\/v2\/categories?post=1059"},{"attributes":{"taxonomy":"post_tag","embeddable":true},"href":"https:\/\/fonderie-infocom.net\/blognumerique\/index.php\/wp-json\/wp\/v2\/tags?post=1059"}],"curies":[{"name":"wp","href":"https:\/\/api.w.org\/{rel}","templated":true}]}}