{"id":2189,"date":"2014-12-02T11:34:14","date_gmt":"2014-12-02T11:34:14","guid":{"rendered":"http:\/\/lewebpedagogique.com\/presencesenligne\/?p=2189"},"modified":"2014-12-02T11:34:14","modified_gmt":"2014-12-02T11:34:14","slug":"les-fab-labs","status":"publish","type":"post","link":"https:\/\/fonderie-infocom.net\/blognumerique\/index.php\/2014\/12\/02\/les-fab-labs\/","title":{"rendered":"Les Fab Labs"},"content":{"rendered":"<p><strong>Ces derni\u00e8res ann\u00e9es, on entend de plus en plus parler des Fab Lab. A quoi servent-ils\u00a0? D\u2019o\u00f9 viennent-ils\u00a0? Quelques r\u00e9ponses ici.<\/strong><\/p>\n<p>Le mot <strong>Fab Lab<\/strong> provient de la contraction de l&#8217;anglais &#8220;<em>fabrication laboratory<\/em>&#8220;, \u00ablaboratoire de fabrication \u00bb. C\u2019est un lieu ouvert au public o\u00f9 sont mis \u00e0 sa disposition toutes sortes d&#8217;outils, notamment des machines-outils pilot\u00e9es par ordinateur, qui permettent de <strong>concevoir et r\u00e9aliser des objets<\/strong>. Ce concept a \u00e9t\u00e9 initi\u00e9 dans la fin des ann\u00e9es 1990, par Neil Gershenfeld. Il provient d&#8217;Am\u00e9rique, et plus pr\u00e9cis\u00e9ment du Massachusetts Institute of Technology (MIT).<\/p>\n<p><!--more--><\/p>\n<p>Les laboratoires de fabrication sont r\u00e9unis en un r\u00e9seau mondial tr\u00e8s actif. Ils existent maintenant depuis une dizaine d&#8217;ann\u00e9es, et connaissent depuis peu un essor certain. En effet, en juin 2008, on d\u00e9nombrait 34 Fab Labs, r\u00e9partis dans 10 pays. En ao\u00fbt 201 2, l&#8217;International Fab Lab Association d\u00e9nombrait 149 Fab Labs r\u00e9pertori\u00e9s. Il en existe probablement plus qui n&#8217;ont pas fait la d\u00e9marche de s&#8217;y inscrire.<\/p>\n<p>Les Fab Labs sont bas\u00e9s sur les<strong> principes d&#8217;ouverture et de collaboration<\/strong>. Ils s&#8217;appuient sur des machines de fabrication num\u00e9rique et des r\u00e9seaux qui permettent de s&#8217;\u00e9changer des fichiers dans le monde entier. Un objet peut donc \u00eatre con\u00e7u dans un fab lab, fabriqu\u00e9 dans un autre et am\u00e9lior\u00e9\u00a0 dans un troisi\u00e8me.<\/p>\n<p>Gr\u00e2ce \u00e0 des interfaces informatiques simplifi\u00e9es, ergonomiques et de plus en plus interop\u00e9rables, il devient plus facile pour des usagers non-sp\u00e9cialistes de prendre le contr\u00f4le d\u2019outils techniques (\u00e9crire, illustrer, maquetter et imprimer son propre livre en ligne par exemple, avec un logiciel commercial ou libre tel que wikibook). Les Fab Lab permettent \u00e0 leurs adh\u00e9rents de concevoir et de fabriquer localement, par une appropriation artisanale de proc\u00e9d\u00e9s de fabrications num\u00e9riques.<\/p>\n<p>Ces associations ont pour but de <strong>d\u00e9mocratiser<\/strong>, par l\u2019exp\u00e9rimentation et l\u2019apprentissage,<strong> la conception et la fabrication assist\u00e9e par ordinateur<\/strong> en mutualisant des machines, des pratiques et des comp\u00e9tences, tout cela dans un lieu ouvert \u00e0 tous.<\/p>\n<p>On rencontre souvent une volont\u00e9 de d\u00e9fendre des <strong>valeurs sociales et solidaires<\/strong> au travers d&#8217;une<strong> plateforme pluridisciplinaire<\/strong> promouvant le partage des connaissances et leur diffusion au plus grand nombre. Les fabriques sensibilisent notamment \u00e0 l\u2019usage des licences libres afin de faciliter l\u2019apprentissage et la diffusion de proc\u00e9d\u00e9s de conception et de fabrication innovants.<\/p>\n<p>Elles permettent \u00e0 toute personne, quel que soit son niveau de connaissance, de venir concevoir et fabriquer localement tous types d\u2019objets. Les Fab Labs sont ouverts \u00e0 tous pour des projets individuels ou en groupe mais aussi pour des collaborations avec d\u2019autres Fab Lab ou encore des \u00e9coles. Ils permettent ainsi \u00e0 des personnes tr\u00e8s diff\u00e9rentes \u2013 entrepreneurs, artistes, simples bricoleurs\u2026 de partager leurs exp\u00e9riences et leurs connaissances, le tout dans une bonne ambiance pr\u00f4nant la solidarit\u00e9.<\/p>\n<p>Renseignez-vous, vous devriez pouvoir trouver des FabLabs pr\u00e8s de chez vous\u00a0!<\/p>\n<p>Pour les mulhousiens, <a href=\"http:\/\/technistub.fr\/\" target=\"_blank\">Technistub<\/a> vous attend, et le projet <a href=\"http:\/\/www.fablab-mulhouse.fr\/projet\" target=\"_blank\">Co-FABLAB<\/a><span style=\"text-decoration: underline\">\u00a0<\/span>est en phase d\u2019\u00eatre lanc\u00e9\u00a0!<\/p>\n<p>&nbsp;<\/p>\n","protected":false},"excerpt":{"rendered":"<p>Ces derni\u00e8res ann\u00e9es, on entend de plus en plus parler des Fab Lab. A quoi servent-ils\u00a0? D\u2019o\u00f9 viennent-ils\u00a0? Quelques r\u00e9ponses ici. Le mot Fab Lab provient de la contraction de&#8230;<\/p>\n","protected":false},"author":43,"featured_media":0,"comment_status":"open","ping_status":"open","sticky":false,"template":"","format":"standard","meta":[],"categories":[1],"tags":[],"_links":{"self":[{"href":"https:\/\/fonderie-infocom.net\/blognumerique\/index.php\/wp-json\/wp\/v2\/posts\/2189"}],"collection":[{"href":"https:\/\/fonderie-infocom.net\/blognumerique\/index.php\/wp-json\/wp\/v2\/posts"}],"about":[{"href":"https:\/\/fonderie-infocom.net\/blognumerique\/index.php\/wp-json\/wp\/v2\/types\/post"}],"author":[{"embeddable":true,"href":"https:\/\/fonderie-infocom.net\/blognumerique\/index.php\/wp-json\/wp\/v2\/users\/43"}],"replies":[{"embeddable":true,"href":"https:\/\/fonderie-infocom.net\/blognumerique\/index.php\/wp-json\/wp\/v2\/comments?post=2189"}],"version-history":[{"count":0,"href":"https:\/\/fonderie-infocom.net\/blognumerique\/index.php\/wp-json\/wp\/v2\/posts\/2189\/revisions"}],"wp:attachment":[{"href":"https:\/\/fonderie-infocom.net\/blognumerique\/index.php\/wp-json\/wp\/v2\/media?parent=2189"}],"wp:term":[{"attributes":{"taxonomy":"category","embeddable":true},"href":"https:\/\/fonderie-infocom.net\/blognumerique\/index.php\/wp-json\/wp\/v2\/categories?post=2189"},{"attributes":{"taxonomy":"post_tag","embeddable":true},"href":"https:\/\/fonderie-infocom.net\/blognumerique\/index.php\/wp-json\/wp\/v2\/tags?post=2189"}],"curies":[{"name":"wp","href":"https:\/\/api.w.org\/{rel}","templated":true}]}}