{"id":2517,"date":"2016-04-07T09:39:55","date_gmt":"2016-04-07T09:39:55","guid":{"rendered":"http:\/\/lewebpedagogique.com\/presencesenligne\/?p=2517"},"modified":"2017-04-07T15:36:05","modified_gmt":"2017-04-07T13:36:05","slug":"le-numerique-en-milieu-carceral","status":"publish","type":"post","link":"https:\/\/fonderie-infocom.net\/blognumerique\/index.php\/2016\/04\/07\/le-numerique-en-milieu-carceral\/","title":{"rendered":"Le num\u00e9rique en milieu carc\u00e9ral"},"content":{"rendered":"<p style=\"text-align: center;\">C&#8217;est en partie gr\u00e2ce \u00e0 l\u2019\u00e9mission Softpower \u00ab\u00a0<a href=\"http:\/\/www.franceculture.fr\/emissions\/soft-power\/la-culture-et-le-numerique-en-prison\" target=\"_blank\"><span style=\"text-decoration: underline;\">La culture et le num\u00e9rique en prison<\/span><\/a>\u00a0\u00bb avec Adeline Hazan, contr\u00f4leure g\u00e9n\u00e9rale des lieux de privation de libert\u00e9, que je suis amen\u00e9e \u00e0 m&#8217;interroger sur le r\u00f4le du num\u00e9rique en prison.<\/p>\n<p>Le num\u00e9rique en prison est au centre des pr\u00e9occupations actuelles puisque celui-ci permettrait un changement de mentalit\u00e9. On ne veut pas punir les d\u00e9tenus mais leur permettre une r\u00e9insertion. Toutefois cette \u00e9volution semble encore tr\u00e8s lointaine notamment par la faute d\u2019une r\u00e9gulation difficile.<\/p>\n<h3><strong>R\u00e9el progr\u00e8s vers le num\u00e9rique<\/strong><\/h3>\n<p>Comme nous l\u2019explique l\u2019invit\u00e9e, il y a eu un r\u00e9el progr\u00e8s depuis quelques ann\u00e9es. En effet, la t\u00e9l\u00e9vision est maintenant accessible en milieu carc\u00e9ral, sous forme d&#8217;abonnement ou non selon le type d&#8217;\u00e9tablissements. Orange is the new black, s\u00e9rie diffus\u00e9e par Netflix nous confirme la pr\u00e9sence du num\u00e9rique en prison \u00e0 travers certaines sc\u00e8nes, en exposant une d\u00e9tenue pleurant devant une s\u00e9rie t\u00e9l\u00e9vis\u00e9e ou des <a href=\"https:\/\/www.youtube.com\/watch?v=CP6KfGqJroI\" target=\"_blank\">d\u00e9tenus avec leurs t\u00e9l\u00e9phones<\/a>.<\/p>\n<p><img loading=\"lazy\" class=\"alignnone wp-image-2948 size-full\" src=\"http:\/\/fonderie-infocom.net\/blognumerique\/wp-content\/uploads\/2016\/04\/orange.jpg\" alt=\"\" width=\"295\" height=\"171\" \/><\/p>\n<p><span style=\"font-size: 8pt;\"><a href=\"https:\/\/commons.wikimedia.org\/wiki\/File:Orange-is-the-New-Black.jpg\" target=\"_blank\">Source de l&#8217;image<\/a><\/span><\/p>\n<h3><strong>Le num\u00e9rique\u00a0: interdit mais pr\u00e9sent<\/strong><\/h3>\n<p>La t\u00e9l\u00e9vision n\u2019est toutefois pas le seul m\u00e9dia num\u00e9rique pr\u00e9sent : les t\u00e9l\u00e9phones, les jeux vid\u00e9o et les ordinateurs circulent facilement au sein des \u00e9tablissements, m\u00eame ci ces derniers ne sont pas autoris\u00e9s. Une grande quantit\u00e9 de portables sont tout de m\u00eame pass\u00e9s ,non pas par les parloirs, tr\u00e8s contr\u00f4l\u00e9s, mais soit par des projections depuis l\u2019ext\u00e9rieur de la prison au-dessus des murs, soit par les surveillants eux-m\u00eames. N\u2019\u00e9tant <strong>pas autoris\u00e9s \u00e0 se connecter \u00e0 internet<\/strong> mais n\u2019\u00e9tant pas contr\u00f4l\u00e9s, les d\u00e9tenus peuvent toutefois acc\u00e9der \u00e0 des sites \u00e0 caract\u00e8re probl\u00e9matiques mais aussi des sites favorisant leur future r\u00e9insertion comme les sites d\u2019annonces pour les demandeurs d\u2019emploi.<\/p>\n<h3><strong>Periscope\u00a0: le scandale en prison<\/strong><\/h3>\n<p>Nous avons pu voir \u00e0 travers le buzz de Periscope que le num\u00e9rique est bel et bien pr\u00e9sent en prison malgr\u00e9 l\u2019interdiction. En effet, un d\u00e9tenu s\u2019est film\u00e9 en prison afin de r\u00e9pondre aux questions des internautes. Son confort de\u00a0vie en cellule a sembl\u00e9 interloquer\u00a0la majorit\u00e9 des internautes. Nombreux sont les <a href=\"http:\/\/www.rtl.fr\/actu\/politique\/beziers-un-detenu-se-filme-dans-sa-cellule-de-prison-sur-periscope-7782005971\" target=\"_blank\">articles <\/a>concernant ce sujet.<\/p>\n<h3><strong>Un outil pour la r\u00e9insertion <\/strong><\/h3>\n<p>Le <a href=\"https:\/\/www.republique-numerique.fr\/consultations\/projet-de-loi-numerique\/consultation\/consultation\/opinions\/section-3-maintien-de-la-connexion-internet\/acces-internet-dans-les-prisons\">Conseil national du num\u00e9rique<\/a> et <a href=\"https:\/\/www.republique-numerique.fr\/consultations\/projet-de-loi-numerique\/consultation\/consultation\/opinions\/section-3-maintien-de-la-connexion-internet\/acces-des-personnes-detenues-au-numerique\">Rapha\u00ebl Liotier<\/a> appellent \u00e0 inscrire dans la loi un droit d\u2019acc\u00e8s au num\u00e9rique pour les d\u00e9tenus. En effet, comment acc\u00e9der \u00e0 la <strong>d\u00e9mat\u00e9rialisation des d\u00e9marches administratives<\/strong> quand on est en prison pour ensuite pouvoir se r\u00e9ins\u00e9rer\u00a0? Bien que des <strong>formations internet<\/strong> soient propos\u00e9es, il persiste une <strong>fracture num\u00e9rique<\/strong> dans les prisons, ce qui est un acc\u00e9l\u00e9rateur de distorsion sociale.<\/p>\n<p>Un rapport intitul\u00e9 <a href=\"http:\/\/www.farapej.fr\/Dossiers\/TIC-Prison\/rapport-internet-en-prison-2012.pdf\" target=\"_blank\">Internet en prison, \u00c9tat des lieux, enjeux et perspectives<\/a> \u00e9tabli en 2012 par la Farapej (f\u00e9d\u00e9ration g\u00e9n\u00e9raliste pour la prison) et des \u00e9tudiants de Sciences Po a permis de d\u00e9velopper ces propositions et ces r\u00e9flexions.<\/p>\n<p>&lt; &#8212; Balise lire la suite &#8212; &gt;<\/p>\n<p>La soci\u00e9t\u00e9 \u00e9tant d\u00e9sormais dans une politique de r\u00e9insertion, le num\u00e9rique est au centre des pr\u00e9occupations.\u00a0 En plus de faciliter la recherche d\u2019emploi, cela permettrait \u00e9galement de r\u00e9duire les <strong>risques d\u2019isolation<\/strong> allant parfois jusqu\u2019\u00e0 cr\u00e9er des instabilit\u00e9s psychologiques. Le <strong>contr\u00f4le<\/strong> de ces pratiques resterait complexe mais un syst\u00e8me de \u00ab\u00a0cloud\u00a0\u00bb pourrait \u00eatre envisag\u00e9, technique d\u00e9j\u00e0 pratiqu\u00e9e par la Belgique.<\/p>\n<h3><strong>Le centre de d\u00e9tention mod\u00e8le de Beveren en Belgique<\/strong><\/h3>\n<p>Le chemin vers la digitalisation des \u00e9tablissements p\u00e9nitentiaires belges a bel et bien commenc\u00e9.\u00a0 Il y a par exemple un ordinateur fix\u00e9 au mur de chaque cellule. Les d\u00e9tenus ont \u00e9galement une cl\u00e9 USB personnelle, qu&#8217;ils peuvent brancher dans la petite unit\u00e9 centrale de la machine. C\u2019est un Prison Cloud. Ils peuvent acc\u00e9der \u00e0 leur dossier en ligne, sans aller jusqu\u2019au tribunal, passer des appels vid\u00e9o et ont m\u00eame acc\u00e8s \u00e0 une vid\u00e9oth\u00e8que payante de 200 films. Les d\u00e9tenus peuvent \u00e9galement consulter quelques pages Internet, s\u00e9lectionn\u00e9es, pour les aider \u00e0 pr\u00e9parer leur r\u00e9insertion mais ils n\u2019ont pas \u00e9t\u00e9 \u00e0 l\u2019abris de bug. C\u2019est pourquoi, en attendant de r\u00e9gler le probl\u00e8me, le seul site accessible est celui de la biblioth\u00e8que.<\/p>\n<p>Consultez l\u2019<a href=\"http:\/\/www.usine-digitale.fr\/article\/la-difficile-question-du-numerique-en-prison-visite-du-centre-de-detention-modele-de-beveren-en-belgique.N310610\" target=\"_blank\">article complet<\/a>.<\/p>\n<h3><strong>Une biblioth\u00e8que pour les prisonniers aux Etats-Unis<\/strong><\/h3>\n<p>The American Prison Data Systems (APDS) a d\u00e9velopp\u00e9\u00a0une biblioth\u00e8que num\u00e9rique pour les prisonniers am\u00e9ricains. C\u2019est une grande premi\u00e8re \u00e0 effet b\u00e9n\u00e9fique\u00a0: la\u00a0lecture\u00a0permettrait\u00a0de diminuer la violence dans les prisons.\u00a0En effet, les biblioth\u00e8ques de prison sont la plupart du temps trop petites et les livres qu\u2019on peut y trouver sont souvent trop vieux ou proviennent de dons.<\/p>\n<p>Pour l\u2019APDS c\u2019est un outil \u00e0 la r\u00e9insertion. \u00ab <em>Nous travaillons en partenariat avec les meilleurs fournisseurs de contenu pour nos programmes relatifs \u00e0 l&#8217;\u00e9ducation, la sant\u00e9, mais cr\u00e9ons nos propres outils pour r\u00e9soudre des probl\u00e8mes sp\u00e9cifiques dans\u00a0certains \u00e9tablissements<\/em> \u00bb explique\u00a0Cindy Mclaughlin, de l&#8217;American Prison Data Systems.<\/p>\n<p>L\u2019APDS fournit \u00e9galement des tablettes Android connect\u00e9es aux \u00e9tablissements correctionnels, afin de permettre aux prisonniers de recevoir des cours en ligne. Le programme est utile car les d\u00e9tenus peuvent d\u00e9finir les param\u00e8tres de texte (taille, contraste etc.) pour palier aux probl\u00e8mes de chacun (vision, ou de\u00a0dyslexie).<\/p>\n<p><strong>A quand cette innovation en France\u00a0?<\/strong><\/p>\n<p>Consultez l\u2019<a href=\"https:\/\/www.actualitte.com\/article\/monde-edition\/etats-unis-le-pret-numerique-en-prison-pour-aider-a-la-reinsertion\/54594\" target=\"_blank\">article au complet<\/a>.<\/p>\n<h3><strong>Le num\u00e9rique, un outil d\u2019apprentissage<\/strong><\/h3>\n<p>L\u2019enseignement universitaire en prison est un droit mais il appara\u00eet comme un privil\u00e8ge aupr\u00e8s des d\u00e9tenus. Quel est la place du num\u00e9rique dans cet apprentissage ? C\u2019est la question que ce sont pos\u00e9 Lucie Alidi\u00e8res -Dumonceaud, Chantal Charnet et Olivier Scherer. <a href=\"https:\/\/hal.archives-ouvertes.fr\/hal-01277116\/document\">https:\/\/hal.archives-ouvertes.fr\/hal-01277116\/document<\/a><strong><br \/>\n<\/strong><\/p>\n<h3><strong>Le num\u00e9rique, utile pour tous<\/strong><\/h3>\n<p>Le num\u00e9rique n\u2019est pas seulement un outil pour les d\u00e9tenus mais aussi pour la <strong>surveillance <\/strong>de ces derniers. Tout d\u2019abord, les surveillants peuvent observer les d\u00e9tenus sans \u00eatre vus, ce qui rar\u00e9fie les contacts entre ces deux cat\u00e9gories. Ensuite, un programme informatique a \u00e9galement \u00e9t\u00e9 d\u00e9velopp\u00e9 par un consortium de trois entreprises, les deux fran\u00e7ais Bull et Business &amp; Decision, ainsi que le belge Real Dolmen pour r\u00e9f\u00e9rencer les donn\u00e9es concernant chaque d\u00e9tenu. Enfin, comme l\u2019explique l\u2019<a href=\"http:\/\/www.rslnmag.fr\/post\/2013\/10\/15\/Aux-Etats-Unis-un-logiciel-peut-vous-faire-sortir-de-prison-ou-vous-y-laisser.aspx\">article du RSLN mag<\/a>, aux \u00c9tats-Unis, un algorithme a \u00e9t\u00e9 mis en place afin de conna\u00eetre le risque de r\u00e9cidive gr\u00e2ce \u00e0 certains facteurs (entre 50 et 100 allant de son \u00e2ge \u00e0 son niveau d\u2019\u00e9ducation) et ainsi r\u00e9duire les co\u00fbts des \u00e9tablissements correctionnels.<\/p>\n<p>En conclusion, le num\u00e9rique apporterait beaucoup \u00e0 \u00eatre l\u00e9galement pr\u00e9sent dans les prisons\u00a0:<\/p>\n<ul>\n<li>R\u00e9insertion des d\u00e9tenus plus facile<\/li>\n<li>Baisse du risque d\u2019isolation des d\u00e9tenus<\/li>\n<li>Surveillance possible<\/li>\n<li>Num\u00e9rique au service de l\u2019autorit\u00e9<\/li>\n<\/ul>\n<p>N\u00e9anmoins la <strong>r\u00e9gulation<\/strong> est encore trop incertaine pour imaginer une arriv\u00e9e du num\u00e9rique en milieu carc\u00e9ral d\u2019ici quelques ann\u00e9es.<\/p>\n","protected":false},"excerpt":{"rendered":"<p>C&#8217;est en partie gr\u00e2ce \u00e0 l\u2019\u00e9mission Softpower \u00ab\u00a0La culture et le num\u00e9rique en prison\u00a0\u00bb avec Adeline Hazan, contr\u00f4leure g\u00e9n\u00e9rale des lieux de privation de libert\u00e9, que je suis amen\u00e9e \u00e0&#8230;<\/p>\n","protected":false},"author":47,"featured_media":2948,"comment_status":"open","ping_status":"open","sticky":false,"template":"","format":"standard","meta":[],"categories":[10],"tags":[399,263,397,398,309],"_links":{"self":[{"href":"https:\/\/fonderie-infocom.net\/blognumerique\/index.php\/wp-json\/wp\/v2\/posts\/2517"}],"collection":[{"href":"https:\/\/fonderie-infocom.net\/blognumerique\/index.php\/wp-json\/wp\/v2\/posts"}],"about":[{"href":"https:\/\/fonderie-infocom.net\/blognumerique\/index.php\/wp-json\/wp\/v2\/types\/post"}],"author":[{"embeddable":true,"href":"https:\/\/fonderie-infocom.net\/blognumerique\/index.php\/wp-json\/wp\/v2\/users\/47"}],"replies":[{"embeddable":true,"href":"https:\/\/fonderie-infocom.net\/blognumerique\/index.php\/wp-json\/wp\/v2\/comments?post=2517"}],"version-history":[{"count":2,"href":"https:\/\/fonderie-infocom.net\/blognumerique\/index.php\/wp-json\/wp\/v2\/posts\/2517\/revisions"}],"predecessor-version":[{"id":2949,"href":"https:\/\/fonderie-infocom.net\/blognumerique\/index.php\/wp-json\/wp\/v2\/posts\/2517\/revisions\/2949"}],"wp:featuredmedia":[{"embeddable":true,"href":"https:\/\/fonderie-infocom.net\/blognumerique\/index.php\/wp-json\/wp\/v2\/media\/2948"}],"wp:attachment":[{"href":"https:\/\/fonderie-infocom.net\/blognumerique\/index.php\/wp-json\/wp\/v2\/media?parent=2517"}],"wp:term":[{"attributes":{"taxonomy":"category","embeddable":true},"href":"https:\/\/fonderie-infocom.net\/blognumerique\/index.php\/wp-json\/wp\/v2\/categories?post=2517"},{"attributes":{"taxonomy":"post_tag","embeddable":true},"href":"https:\/\/fonderie-infocom.net\/blognumerique\/index.php\/wp-json\/wp\/v2\/tags?post=2517"}],"curies":[{"name":"wp","href":"https:\/\/api.w.org\/{rel}","templated":true}]}}