{"id":962,"date":"2013-04-12T19:31:56","date_gmt":"2013-04-12T19:31:56","guid":{"rendered":"http:\/\/lewebpedagogique.com\/presencesenligne\/?p=962"},"modified":"2013-04-12T19:31:56","modified_gmt":"2013-04-12T19:31:56","slug":"les-museogeeks-catalyseurs-de-la-transition-numerique","status":"publish","type":"post","link":"https:\/\/fonderie-infocom.net\/blognumerique\/index.php\/2013\/04\/12\/les-museogeeks-catalyseurs-de-la-transition-numerique\/","title":{"rendered":"Les &#8220;museogeeks&#8221;, catalyseurs de la transition num\u00e9rique."},"content":{"rendered":"<p>Entre les 9 et 12 octobre de l&#8217;ann\u00e9e derni\u00e8re se tenait le colloque AVICOM au Centre Canadien d&#8217;Architecture de Montr\u00e9al. Sur le Knowtex Blog, S\u00e9bastien Magro revient sur le colloque.<\/p>\n<p>Le colloque AVICOM est un \u00e9v\u00e9nement annuel de l&#8217;ICOM (le conseil international des mus\u00e9es), l&#8217;AVICOM \u00e9tant l&#8217;un des comit\u00e9s de celui-ci, plus pr\u00e9cis\u00e9ment celui destin\u00e9 aux professionnels du multim\u00e9dia et du num\u00e9rique, dirig\u00e9 par Manon Blanchette. Le th\u00e8me du colloque de l&#8217;ann\u00e9e derni\u00e8re \u00e9tait le\u00a0d\u00e9veloppement\u00a0des nouvelles technologies et des nouveaux m\u00e9tiers dans la mus\u00e9ologie.<\/p>\n<p>De ce colloque sont sortis plusieurs grandes tendances. En ressort notamment un souci d&#8217;int\u00e9gration aux r\u00e9seaux sociaux, et l&#8217;installation progressive d&#8217;une politique num\u00e9rique dans les mus\u00e9es.<\/p>\n<p>Il en ressort aussi que nous sommes \u00e0 une p\u00e9riode charni\u00e8re, le site Web du mus\u00e9e ne doit plus seulement \u00eatre une vitrine de celui-ci. Il doit \u00eatre l&#8217;interface de nouveaux rapports avec les visiteurs, permettre le participatif et le collaboratif, concepts fondamentaux du Web 2.0. Ainsi, il doit y avoir une compl\u00e9mentarit\u00e9 entre le site Web du mus\u00e9e, et le site physique du mus\u00e9e.<\/p>\n<p>Les &#8220;museogeeks&#8221; fran\u00e7ais participent \u00e0 cette phase charni\u00e8re. Mais qui sont-ils exactement ? Il s&#8217;agit d&#8217;une communaut\u00e9 informelle, qui se structure progressivement, compos\u00e9e de passionn\u00e9s du num\u00e9rique. Cette communaut\u00e9 regroupe diff\u00e9rents groupes, ceux-ci \u00e9changeant beaucoup entre eux.<\/p>\n<p>Gr\u00e2ce \u00e0 leur action, les mus\u00e9es fran\u00e7ais sont bien situ\u00e9s dans la question du num\u00e9rique, ils sont dans ce mouvement, mais selon diff\u00e9rentes mani\u00e8res, par rapport aux mus\u00e9es anglo-saxons. Cela vient surtout d&#8217;une diff\u00e9rence dans l&#8217;appr\u00e9hension de l&#8217;institution.<\/p>\n<p>Selon S\u00e9bastien Magro, les institutions culturelles ne doivent pas se contenter d&#8217;une direction d\u00e9di\u00e9e \u00e0 la question num\u00e9rique, ils doivent sortir de ce mod\u00e8le des directions compartiment\u00e9es pour pouvoir \u00e9voluer dans le num\u00e9rique. Celui-ci change les mani\u00e8res de travailler, de collaborer, de communiquer.<\/p>\n<p>Il faut int\u00e9grer la politique num\u00e9rique dans la politique globale du mus\u00e9e, il ne faut pas s\u00e9parer les deux.<\/p>\n<p>En cela, il faut lire cet article, en corr\u00e9lation avec mon autre article (&#8220;L&#8217;identit\u00e9 du mus\u00e9e \u00e0 l&#8217;\u00e9poque 2.0&#8221;). En effet, on constate une m\u00eame pens\u00e9e chez S\u00e9bastien Magro et Sean Redmond, celle de\u00a0vouloir\u00a0passer au-dessus du mod\u00e8le du site Web seule vitrine du mus\u00e9e, et d&#8217;arriver \u00e0 un mod\u00e8le participatif et collaboratif, dans l&#8217;essence du Web 2.0.<\/p>\n<p>&nbsp;<\/p>\n<p>_____________________________________________________________________________<\/p>\n<p><strong>Sources :<\/strong><\/p>\n<p>&#8211;\u00a0<a href=\"http:\/\/www.knowtex.com\/blog\/les-museogeeks-catalyseurs-de-la-transition-numerique-des-musees\/\">http:\/\/www.knowtex.com\/blog\/les-museogeeks-catalyseurs-de-la-transition-numerique-des-musees\/<\/a>\u00a0;<\/p>\n<p>&#8211; Site de l&#8217;AVICOM :\u00a0<a href=\"http:\/\/network.icom.museum\/avicom\">http:\/\/network.icom.museum\/avicom<\/a>.<\/p>\n","protected":false},"excerpt":{"rendered":"<p>Entre les 9 et 12 octobre de l&#8217;ann\u00e9e derni\u00e8re se tenait le colloque AVICOM au Centre Canadien d&#8217;Architecture de Montr\u00e9al. Sur le Knowtex Blog, S\u00e9bastien Magro revient sur le colloque&#8230;.<\/p>\n","protected":false},"author":24,"featured_media":0,"comment_status":"open","ping_status":"open","sticky":false,"template":"","format":"standard","meta":[],"categories":[2,6],"tags":[42],"_links":{"self":[{"href":"https:\/\/fonderie-infocom.net\/blognumerique\/index.php\/wp-json\/wp\/v2\/posts\/962"}],"collection":[{"href":"https:\/\/fonderie-infocom.net\/blognumerique\/index.php\/wp-json\/wp\/v2\/posts"}],"about":[{"href":"https:\/\/fonderie-infocom.net\/blognumerique\/index.php\/wp-json\/wp\/v2\/types\/post"}],"author":[{"embeddable":true,"href":"https:\/\/fonderie-infocom.net\/blognumerique\/index.php\/wp-json\/wp\/v2\/users\/24"}],"replies":[{"embeddable":true,"href":"https:\/\/fonderie-infocom.net\/blognumerique\/index.php\/wp-json\/wp\/v2\/comments?post=962"}],"version-history":[{"count":0,"href":"https:\/\/fonderie-infocom.net\/blognumerique\/index.php\/wp-json\/wp\/v2\/posts\/962\/revisions"}],"wp:attachment":[{"href":"https:\/\/fonderie-infocom.net\/blognumerique\/index.php\/wp-json\/wp\/v2\/media?parent=962"}],"wp:term":[{"attributes":{"taxonomy":"category","embeddable":true},"href":"https:\/\/fonderie-infocom.net\/blognumerique\/index.php\/wp-json\/wp\/v2\/categories?post=962"},{"attributes":{"taxonomy":"post_tag","embeddable":true},"href":"https:\/\/fonderie-infocom.net\/blognumerique\/index.php\/wp-json\/wp\/v2\/tags?post=962"}],"curies":[{"name":"wp","href":"https:\/\/api.w.org\/{rel}","templated":true}]}}