{"id":996,"date":"2013-04-02T11:57:46","date_gmt":"2013-04-02T11:57:46","guid":{"rendered":"http:\/\/lewebpedagogique.com\/presencesenligne\/?p=996"},"modified":"2013-04-02T11:57:46","modified_gmt":"2013-04-02T11:57:46","slug":"996","status":"publish","type":"post","link":"https:\/\/fonderie-infocom.net\/blognumerique\/index.php\/2013\/04\/02\/996\/","title":{"rendered":"Les mus\u00e9es de Roumanie &#8211; 2 (Iasi)"},"content":{"rendered":"<p>Bonjour de nouveau!<\/p>\n<p>Aujourd&#8217;hui c&#8217;est la ville d&#8217;Iasi que je vous pr\u00e9senterai. Elle se trouve au nord-est de la Roumanie, 47\u00b0 17 &#8216; de latitude nord et 27\u00b0 57&#8217; de longitude est.<\/p>\n<p>La premi\u00e8re attestation documentaire d&#8217;Iasi date de 1408. La ville a \u00e9t\u00e9 l&#8217;une des capitales de l&#8217;ancienne province roumaine \u2013 la Moldavie qui sera la moiti\u00e9 du \u00ab\u00a0coeur\u00a0\u00bb de la Roumanie cr\u00e9\u00e9e comme \u00e9tat national en 1859.<\/p>\n<p>J&#8217;aimerais vous pr\u00e9senter un complexe mus\u00e9ale qui est en restauration pour l&#8217;instant &#8211; Le Palais de la Culture. Son site est peut-\u00eatre aussi en reconstruction parce qu&#8217;il n&#8217;offre pas trop d&#8217;informations.<\/p>\n<p>Le Palais de la Culture est un b\u00e2timent embl\u00e9matique, construit entre 1906 &#8211; 1925 sur le domaine de l&#8217;ancienne Cour princi\u00e8re m\u00e9di\u00e9vale moldave (attest\u00e9 d\u00e8s 1434). Entre 1806 &#8211; 1812, le prince Alexandre Moruzi fait construire un palais en style n\u00e9oclassique. Endommag\u00e9 par une incendie, il sera reconstruit par Mihail Sturdza entre 1841 \u00e0 1843. Apr\u00e8s l&#8217;Union de 1859 et le transfert de la capitale \u00e0 Bucarest, il devient un b\u00e2timent administratif. A la fin du XIXe si\u00e8cle, plusieurs incendies ont continu\u00e9 \u00e0 l&#8217;affecter et au d\u00e9but du XXe si\u00e8cle, la d\u00e9cision de le d\u00e9m\u00ealer (1904) et de le reconstruire a \u00e9t\u00e9 prise. Le nouveau b\u00e2timent a \u00e9t\u00e9 r\u00e9alis\u00e9 dans le style gothique flamboyant, par l&#8217;architecte Ion D. Berindei. Il a 298 chambres avec une superficie d&#8217;environ 36.000 m\u00b2. Le b\u00e2timent a \u00e9galement \u00e9t\u00e9 \u00e9quip\u00e9es d&#8217;installations tr\u00e8s modernes pour l&#8217;\u00e9poque, tels que l&#8217;\u00e9clairage \u00e9lectrique, le chauffage pneumatique, le syst\u00e8me de ventilation, les thermostats, les aspirateurs, qui \u00e9taient tous install\u00e9s au sous-sol.<\/p>\n<p>En 1955, la destination administrative de l&#8217;immeuble est chang\u00e9e, en devenant l&#8217;h\u00f4te d&#8217;importantes institutions culturelles.<\/p>\n<p lang=\"fr-FR\">Aujourd&#8217;hui, le Palais de la Culture est un complexe mus\u00e9al qui comprend le Mus\u00e9e de l&#8217;Histoire, le Mus\u00e9e Ethnographique de la Moldavie, le Mus\u00e9e d&#8217;Art, le Mus\u00e9e des Sciences et de la Technologie &#8220;Stefan Procope, le Centre pour la conservation et la restauration du patrimoine culturel et la Biblioth\u00e8que &#8220;Gheorghe Asachi&#8221;. Le b\u00e2timent est class\u00e9 au titre de monument historique.<\/p>\n<p lang=\"fr-FR\">Ce qu&#8217;il y avait \u00e0 voir (avant les travaux): les fresques m\u00e9di\u00e9vales ex\u00e9cut\u00e9es par Stefan Dimitrescu et ses \u00e9l\u00e8ves; les grandes portes de la \u00ab\u00a0Salle de Vo\u00efvodes\u00a0\u00bb; la salle &#8220;Henri Coanda&#8221; dont les panneaux ont \u00e9t\u00e9 ex\u00e9cut\u00e9s apr\u00e8s un projet de ce grand scientifique (il a invent\u00e9 une recette de ciment qui imite parfaitement la couleur du bois de ch\u00eane et qui a \u00e9t\u00e9 utilis\u00e9 \u00e0 la d\u00e9coration du palais); les meubles fabriqu\u00e9s par &#8220;Maple House\u00bb \u00e0 Londres. Et bien d&#8217;autres chefs d&#8217;oeuvre!<\/p>\n<p><a href=\"http:\/\/www.orasul-iasi.ro\/\">http:\/\/www.orasul-iasi.ro\/<\/a> (le site de la ville, uniquement en roumain)<\/p>\n<p><a href=\"http:\/\/www.sibiu.ro\/ro2\/harta_ro.htm\">http:\/\/www.sibiu.ro\/ro2\/harta_ro.htm<\/a> (une carte de la Roumanie, pour localiser la ville)<\/p>\n<p><a href=\"http:\/\/www.palatulculturii.ro\/\">http:\/\/www.palatulculturii.ro\/<\/a> (le site du mus\u00e9e, version compl\u00e8te en anglais)<\/p>\n","protected":false},"excerpt":{"rendered":"<p>Bonjour de nouveau! Aujourd&#8217;hui c&#8217;est la ville d&#8217;Iasi que je vous pr\u00e9senterai. Elle se trouve au nord-est de la Roumanie, 47\u00b0 17 &#8216; de latitude nord et 27\u00b0 57&#8217; de&#8230;<\/p>\n","protected":false},"author":22,"featured_media":0,"comment_status":"closed","ping_status":"closed","sticky":false,"template":"","format":"standard","meta":[],"categories":[2,6],"tags":[],"_links":{"self":[{"href":"https:\/\/fonderie-infocom.net\/blognumerique\/index.php\/wp-json\/wp\/v2\/posts\/996"}],"collection":[{"href":"https:\/\/fonderie-infocom.net\/blognumerique\/index.php\/wp-json\/wp\/v2\/posts"}],"about":[{"href":"https:\/\/fonderie-infocom.net\/blognumerique\/index.php\/wp-json\/wp\/v2\/types\/post"}],"author":[{"embeddable":true,"href":"https:\/\/fonderie-infocom.net\/blognumerique\/index.php\/wp-json\/wp\/v2\/users\/22"}],"replies":[{"embeddable":true,"href":"https:\/\/fonderie-infocom.net\/blognumerique\/index.php\/wp-json\/wp\/v2\/comments?post=996"}],"version-history":[{"count":0,"href":"https:\/\/fonderie-infocom.net\/blognumerique\/index.php\/wp-json\/wp\/v2\/posts\/996\/revisions"}],"wp:attachment":[{"href":"https:\/\/fonderie-infocom.net\/blognumerique\/index.php\/wp-json\/wp\/v2\/media?parent=996"}],"wp:term":[{"attributes":{"taxonomy":"category","embeddable":true},"href":"https:\/\/fonderie-infocom.net\/blognumerique\/index.php\/wp-json\/wp\/v2\/categories?post=996"},{"attributes":{"taxonomy":"post_tag","embeddable":true},"href":"https:\/\/fonderie-infocom.net\/blognumerique\/index.php\/wp-json\/wp\/v2\/tags?post=996"}],"curies":[{"name":"wp","href":"https:\/\/api.w.org\/{rel}","templated":true}]}}