{"id":214737,"date":"2021-03-09T21:14:10","date_gmt":"2021-03-09T20:14:10","guid":{"rendered":"http:\/\/fonderie-infocom.net\/premieresepreuvesentrevuesbelfort\/?p=214737"},"modified":"2021-11-16T10:22:05","modified_gmt":"2021-11-16T09:22:05","slug":"cinema-et-confinement","status":"publish","type":"post","link":"https:\/\/fonderie-infocom.net\/premieresepreuvesentrevuesbelfort\/?p=214737","title":{"rendered":"Cin\u00e9ma et Confinement"},"content":{"rendered":"<p>[et_pb_section fb_built=\u00a0\u00bb1&Prime; _builder_version=\u00a0\u00bb4.9.0&Prime; _module_preset=\u00a0\u00bbdefault\u00a0\u00bb background_color=\u00a0\u00bb#FFFFFF\u00a0\u00bb background_image=\u00a0\u00bbhttps:\/\/fonderie-infocom.net\/premieresepreuvesentrevuesbelfort\/wp-content\/uploads\/2021\/03\/Cinema-3-1.jpg\u00a0\u00bb background_blend=\u00a0\u00bbmultiply\u00a0\u00bb][et_pb_row _builder_version=\u00a0\u00bb4.9.0&Prime; _module_preset=\u00a0\u00bbdefault\u00a0\u00bb][et_pb_column type=\u00a0\u00bb4_4&Prime; _builder_version=\u00a0\u00bb4.9.0&Prime; _module_preset=\u00a0\u00bbdefault\u00a0\u00bb][et_pb_text _builder_version=\u00a0\u00bb4.9.0&Prime; _module_preset=\u00a0\u00bbdefault\u00a0\u00bb background_color=\u00a0\u00bbrgba(0,0,0,0.82)\u00a0\u00bb hover_enabled=\u00a0\u00bb0&Prime; sticky_enabled=\u00a0\u00bb0&Prime;]<\/p>\n<p><strong><span style=\"color: #ffffff;\">Durant \u00a0cette p\u00e9riode de crise sanitaire provoqu\u00e9e par la Covid-19 ,la programmation des festivals et la production cin\u00e9matographique\u00a0 sont impact\u00e9es par celle-ci.<\/span><\/strong><span style=\"color: #ffffff;\"><strong>La fermeture des salles de cin\u00e9ma le 14 Mars 2020 restera grav\u00e9e \u00e0 jamais dans l&rsquo;histoire du cin\u00e9ma fran\u00e7ais surtout que les Fran\u00e7ais sont\u00a0 attach\u00e9s aux salles de cin\u00e9ma.<\/strong><\/span><\/p>\n<p><strong style=\"color: #ffffff; font-size: 14px;\">Annulation\u00a0 ou report des Festivals de cin\u00e9ma, une situation difficile pour les professionnels qui vivent des difficult\u00e9s financi\u00e8res suite \u00e0 l&rsquo;arr\u00eat des activit\u00e9s, et une\u00a0 s\u00e9paration mal v\u00e9cue pour les com\u00e9diens et les amoureux du cin\u00e9ma , mais la n\u00e9cessit\u00e9 est la m\u00e8re de l\u2019invention , le web offre la possibilit\u00e9 aux\u00a0 cin\u00e9philes d&rsquo;y vivre leur passion m\u00eame loin des salles de projections.<\/strong><\/p>\n<p><span style=\"color: #ffffff;\"><strong>Depuis l\u2019annonce du confinement le 17 Mars 2020, la culture comme les autres secteurs\u00a0 sont\u00a0 \u00e0 l&rsquo;arr\u00eat (th\u00e9\u00e2tre, cin\u00e9ma, festivals, mus\u00e9es, music), beaucoup de r\u00e9alisateurs , d\u2019acteurs\u00a0 et d&rsquo;organisateurs de festivals affichent leur m\u00e9contentement face \u00e0\u00a0 cette situation.<\/strong><\/span><\/p>\n<p><span style=\"color: #ffffff;\"><strong>Pour la jeune\u00a0 r\u00e9alisatrice, actrice et cin\u00e9aste Suzanne Lindon, cette\u00a0 p\u00e9riode de confinement\u00a0 est tr\u00e8s compliqu\u00e9e , la r\u00e9ouverture des cin\u00e9mas\u00a0 est une \u201cprimaut\u00e9\u201d\u00a0 car elle en a besoin. Difficile de vivre loin de son public , une exp\u00e9rience dure\u00a0 surtout qu\u2019elle n\u2019a pas pu\u00a0 assister aux diff\u00e9rentes r\u00e9compenses attribu\u00e9es \u00e0 son film \u00a0\u00bb Seize printemps\u00a0\u00bb dans diff\u00e9rents pays en Pologne, en Bi\u00e9lorussie,\u00a0 en Argentine ou\u00a0 en Chine\u00a0 mais\u00a0 c\u2019est gr\u00e2ce \u00e0 des vid\u00e9os Zoom qu\u2019elle a pu \u00e9changer avec son public.<\/strong><\/span><\/p>\n<p><span style=\"color: #ffffff;\"><strong>Une chose que\u00a0 la r\u00e9alisatrice du court m\u00e9trage\u00a0 \u00ab\u00a0Seize printemps\u00a0\u00bb , labellis\u00e9e\u00a0 \u201cS\u00e9lection officielle\u201d du Festival de Cannes , regrette car pour elle les rencontres ne se font pas virtuellement , et la rencontre des gens est un besoin.\u00a0<\/strong><\/span><span style=\"color: #ffffff;\"><strong><a href=\"https:\/\/www.bande-a-part.fr\/cinema\/entretiens\/suzanne-lindon-seize-printemps-confinement-entretien\/\" style=\"color: #ffffff;\">https:\/\/www.bande-a-part.fr\/cinema\/entretiens\/suzanne-lindon-seize-printemps-confinement-entretien\/<\/a>.<\/strong><\/span><\/p>\n<p><strong><\/strong><\/p>\n<p>&nbsp;<\/p>\n<p><span style=\"color: #ffffff;\"><strong>Le sentiment est partag\u00e9 par les exploitants et distributeurs des salles de cin\u00e9ma, qui\u00a0 affichent\u00a0 \u00a0 de leur c\u00f4t\u00e9\u00a0 leur m\u00e9contentement et surtout leur inqui\u00e9tude car le maintien de la fermeture des salles de cin\u00e9ma a des r\u00e9percussions n\u00e9gatives sur le cin\u00e9ma et sur\u00a0 les employ\u00e9s (distributeurs, exploitants).<\/strong><\/span><span style=\"color: #ffffff;\"><strong>\u00ab\u00a0Intenable\u00a0\u00bb voil\u00e0 le terme par lequel Sophie Dulac , exploitante et distributrice qualifie la situation actuelle.<\/strong><\/span><\/p>\n<p><span style=\"color: #ffffff;\"><strong>En effet la crise sanitaire\u00a0 a engendr\u00e9 une perte d\u2019emploi et \u00e0 ce sujet, elle se demande \u201cQue fais-je avec tous mes salari\u00e9s qui sont au ch\u00f4mage partiel depuis des semaines et des semaines, dont le salaire est amput\u00e9. Qu\u2019est ce qu\u2019on fait ?\u201d\u00a0<\/strong><\/span><\/p>\n<p>&nbsp;<\/p>\n<p><span style=\"color: #ffffff;\"><strong><a href=\"https:\/\/www.allocine.fr\/article\/fichearticle_gen_carticle=18695249.html\" style=\"color: #ffffff;\">https:\/\/www.allocine.fr\/article\/fichearticle_gen_carticle=18695249.html<\/a>.<\/strong><\/span><\/p>\n<p>&nbsp;<\/p>\n<p>\u00a0<strong style=\"font-size: 14px; color: #ffffff;\">Pour la programmation , les Festivals ont malheureusement \u00e9t\u00e9 contraints d\u2019annuler et de\u00a0 reporter\u00a0 leur programmes\u00a0 \u00e0 des dates ult\u00e9rieures , mais cela ne les emp\u00eachent pas d&rsquo;assurer la continuit\u00e9\u00a0 en organisant\u00a0 des festivals en ligne .<\/strong><\/p>\n<p>&nbsp;<\/p>\n<p>\u00a0<strong style=\"font-size: 14px; color: #ffffff;\">De nombreux festivals s\u2019adaptent \u00e0 cette situation car les Festivals de cin\u00e9ma en ligne ne sont\u00a0 plus une option mais plut\u00f4t\u00a0 une n\u00e9cessit\u00e9 et heureusement.\u00a0 \u00a0 \u00a0<a href=\"https:\/\/www.wedemain.fr\/decouvrir\/cinema-4-festivals-a-decouvrir-en-ligne\/\" style=\"color: #ffffff;\">https:\/\/www.wedemain.fr\/decouvrir\/cinema-4-festivals-a-decouvrir-en-ligne\/<\/a>.<\/strong><\/p>\n<p>&nbsp;<\/p>\n<p>\u00a0<strong style=\"font-size: 14px; color: #ffffff;\">Les cin\u00e9philes priv\u00e9s de salles obscures depuis le confinement, se pressent pour l\u2019annonce du d\u00e9confinement\u00a0 pour avoir leur dose de projection mais seul l&rsquo;\u00e9volution de la pand\u00e9mie pourra d\u00e9cider de la reprise des festivals en pr\u00e9sentiel. Pour l\u2019heure comme l\u2019a d\u00e9clar\u00e9 le ministre de la Culture\u00a0 certains \u00ab\u00a0petits festivals\u00a0\u00bb pourraient se tenir \u00ab\u00a0\u00e0 partir du 11 mai\u00a0\u00bb, soit le premier jour de la fin du confinement, s&rsquo;il \u00ab\u00a0n\u2019y a pas de probl\u00e8me de s\u00e9curit\u00e9\u00a0\u00bb.<\/strong><\/p>\n<p>&nbsp;<\/p>\n<p>[\/et_pb_text][\/et_pb_column][\/et_pb_row][\/et_pb_section]<\/p>\n","protected":false},"excerpt":{"rendered":"<p>Durant \u00a0cette p\u00e9riode de crise sanitaire provoqu\u00e9e par la Covid-19 ,la programmation des festivals et la production cin\u00e9matographique\u00a0 sont impact\u00e9es par celle-ci.La fermeture des salles de cin\u00e9ma le 14 Mars 2020 restera grav\u00e9e \u00e0 jamais dans l&rsquo;histoire du cin\u00e9ma fran\u00e7ais surtout que les Fran\u00e7ais sont\u00a0 attach\u00e9s aux salles de cin\u00e9ma. Annulation\u00a0 ou report des Festivals [&hellip;]<\/p>\n","protected":false},"author":1,"featured_media":0,"comment_status":"open","ping_status":"open","sticky":false,"template":"","format":"standard","meta":{"_et_pb_use_builder":"on","_et_pb_old_content":"","_et_gb_content_width":""},"categories":[1],"tags":[],"jetpack_featured_media_url":"","_links":{"self":[{"href":"https:\/\/fonderie-infocom.net\/premieresepreuvesentrevuesbelfort\/index.php?rest_route=\/wp\/v2\/posts\/214737"}],"collection":[{"href":"https:\/\/fonderie-infocom.net\/premieresepreuvesentrevuesbelfort\/index.php?rest_route=\/wp\/v2\/posts"}],"about":[{"href":"https:\/\/fonderie-infocom.net\/premieresepreuvesentrevuesbelfort\/index.php?rest_route=\/wp\/v2\/types\/post"}],"author":[{"embeddable":true,"href":"https:\/\/fonderie-infocom.net\/premieresepreuvesentrevuesbelfort\/index.php?rest_route=\/wp\/v2\/users\/1"}],"replies":[{"embeddable":true,"href":"https:\/\/fonderie-infocom.net\/premieresepreuvesentrevuesbelfort\/index.php?rest_route=%2Fwp%2Fv2%2Fcomments&post=214737"}],"version-history":[{"count":4,"href":"https:\/\/fonderie-infocom.net\/premieresepreuvesentrevuesbelfort\/index.php?rest_route=\/wp\/v2\/posts\/214737\/revisions"}],"predecessor-version":[{"id":215118,"href":"https:\/\/fonderie-infocom.net\/premieresepreuvesentrevuesbelfort\/index.php?rest_route=\/wp\/v2\/posts\/214737\/revisions\/215118"}],"wp:attachment":[{"href":"https:\/\/fonderie-infocom.net\/premieresepreuvesentrevuesbelfort\/index.php?rest_route=%2Fwp%2Fv2%2Fmedia&parent=214737"}],"wp:term":[{"taxonomy":"category","embeddable":true,"href":"https:\/\/fonderie-infocom.net\/premieresepreuvesentrevuesbelfort\/index.php?rest_route=%2Fwp%2Fv2%2Fcategories&post=214737"},{"taxonomy":"post_tag","embeddable":true,"href":"https:\/\/fonderie-infocom.net\/premieresepreuvesentrevuesbelfort\/index.php?rest_route=%2Fwp%2Fv2%2Ftags&post=214737"}],"curies":[{"name":"wp","href":"https:\/\/api.w.org\/{rel}","templated":true}]}}