{"id":216989,"date":"2022-04-09T10:08:18","date_gmt":"2022-04-09T08:08:18","guid":{"rendered":"https:\/\/fonderie-infocom.net\/premieresepreuvesentrevuesbelfort\/?p=216989"},"modified":"2022-04-10T23:10:19","modified_gmt":"2022-04-10T21:10:19","slug":"le-metier-de-producteur","status":"publish","type":"post","link":"https:\/\/fonderie-infocom.net\/premieresepreuvesentrevuesbelfort\/?p=216989","title":{"rendered":"Le m\u00e9tier de producteur"},"content":{"rendered":"<p>[et_pb_section fb_built=\u00a0\u00bb1&Prime; fullwidth=\u00a0\u00bbon\u00a0\u00bb _builder_version=\u00a0\u00bb4.13.1&Prime; _module_preset=\u00a0\u00bbdefault\u00a0\u00bb use_background_color_gradient=\u00a0\u00bbon\u00a0\u00bb background_color_gradient_start=\u00a0\u00bb#c3d6d7&Prime; background_color_gradient_end=\u00a0\u00bbrgba(0,0,0,0)\u00a0\u00bb background_color_gradient_start_position=\u00a0\u00bb59%\u00a0\u00bb background_color_gradient_end_position=\u00a0\u00bb30%\u00a0\u00bb min_height=\u00a0\u00bb100px\u00a0\u00bb height=\u00a0\u00bb190px\u00a0\u00bb max_height=\u00a0\u00bb100px\u00a0\u00bb custom_margin=\u00a0\u00bb||-20px||false|false\u00a0\u00bb global_colors_info=\u00a0\u00bb{}\u00a0\u00bb][et_pb_fullwidth_image _builder_version=\u00a0\u00bb4.13.1&Prime; _module_preset=\u00a0\u00bbdefault\u00a0\u00bb background_color=\u00a0\u00bb#c3d6d7&Prime; global_colors_info=\u00a0\u00bb{}\u00a0\u00bb][\/et_pb_fullwidth_image][\/et_pb_section][et_pb_section fb_built=\u00a0\u00bb1&Prime; _builder_version=\u00a0\u00bb4.13.1&Prime; _module_preset=\u00a0\u00bbdefault\u00a0\u00bb use_background_color_gradient=\u00a0\u00bbon\u00a0\u00bb background_color_gradient_start=\u00a0\u00bbrgba(0,0,0,0)\u00a0\u00bb background_color_gradient_end=\u00a0\u00bbrgba(0,0,0,0)\u00a0\u00bb background_color_gradient_start_position=\u00a0\u00bb5%\u00a0\u00bb background_color_gradient_end_position=\u00a0\u00bb0%\u00a0\u00bb min_height=\u00a0\u00bb993px\u00a0\u00bb custom_margin=\u00a0\u00bb0px||||false|false\u00a0\u00bb custom_padding=\u00a0\u00bb0px||||false|false\u00a0\u00bb global_colors_info=\u00a0\u00bb{}\u00a0\u00bb][et_pb_row _builder_version=\u00a0\u00bb4.13.1&Prime; _module_preset=\u00a0\u00bbdefault\u00a0\u00bb global_colors_info=\u00a0\u00bb{}\u00a0\u00bb][et_pb_column type=\u00a0\u00bb4_4&Prime; _builder_version=\u00a0\u00bb4.13.1&Prime; _module_preset=\u00a0\u00bbdefault\u00a0\u00bb global_colors_info=\u00a0\u00bb{}\u00a0\u00bb][et_pb_text _builder_version=\u00a0\u00bb4.13.1&Prime; _module_preset=\u00a0\u00bbdefault\u00a0\u00bb global_colors_info=\u00a0\u00bb{}\u00a0\u00bb][\/et_pb_text][\/et_pb_column][\/et_pb_row][et_pb_row _builder_version=\u00a0\u00bb4.0.8&Prime; global_colors_info=\u00a0\u00bb{}\u00a0\u00bb][et_pb_column type=\u00a0\u00bb4_4&Prime; _builder_version=\u00a0\u00bb4.0.8&Prime; global_colors_info=\u00a0\u00bb{}\u00a0\u00bb][et_pb_text _builder_version=\u00a0\u00bb4.13.1&Prime; text_font=\u00a0\u00bbLora||||||||\u00a0\u00bb text_text_color=\u00a0\u00bb#676879&Prime; text_font_size=\u00a0\u00bb16px\u00a0\u00bb text_line_height=\u00a0\u00bb2em\u00a0\u00bb header_2_font=\u00a0\u00bbRoboto Condensed|700||on|||||\u00a0\u00bb header_2_font_size=\u00a0\u00bb80px\u00a0\u00bb header_2_line_height=\u00a0\u00bb1.1em\u00a0\u00bb custom_margin=\u00a0\u00bb||||false|false\u00a0\u00bb hover_enabled=\u00a0\u00bb0&Prime; text_font_size_tablet=\u00a0\u00bb15px\u00a0\u00bb text_font_size_phone=\u00a0\u00bb14px\u00a0\u00bb text_font_size_last_edited=\u00a0\u00bbon|phone\u00a0\u00bb header_2_font_size_tablet=\u00a0\u00bb50px\u00a0\u00bb header_2_font_size_phone=\u00a0\u00bb30px\u00a0\u00bb header_2_font_size_last_edited=\u00a0\u00bbon|phone\u00a0\u00bb locked=\u00a0\u00bboff\u00a0\u00bb global_colors_info=\u00a0\u00bb{}\u00a0\u00bb sticky_enabled=\u00a0\u00bb0&Prime;]<\/p>\n<p><strong><span style=\"color: #ff0000;\">Sans lui, le film, la s\u00e9rie ou l\u2019\u00e9mission de t\u00e9l\u00e9vision ne verrait pas le jour. \u00c0 la lecture du sc\u00e9nario, c\u2019est le producteur qui d\u00e9cide si le projet vaut la peine d\u2019\u00eatre produit ou non. Il peut \u00e9galement \u00eatre \u00e0 l\u2019origine du sc\u00e9nario et solliciter un auteur pour l\u2019aider \u00e0 sc\u00e9nariser son id\u00e9e.<\/span><\/strong><\/p>\n<h3><span style=\"color: #ff0000;\">\u2014<\/span> <b>Les missions<\/b><\/h3>\n<p><span style=\"font-weight: 400;\">Le producteur assume la fabrication du film de sa conception \u00e0 sa diffusion. Il s\u2019occupe de l\u2019aspect financier et du contenu du projet. S\u2019il cherche les organismes qui octroient des financements et des subventions, il peut \u00e9galement mettre en jeu ses fonds personnels.\u00a0<\/span><\/p>\n<p><span style=\"font-weight: 400;\">C\u2019est cet investissement qui lui donne un droit de regard sur la partie artistique du film.\u00a0<\/span><\/p>\n<p><span style=\"font-weight: 400;\">Il est charg\u00e9 de mettre en \u0153uvre et de coordonner (avec une \u00e9quipe ou non) tous les moyens n\u00e9cessaires \u00e0 une production. Il peut s\u2019agir de mat\u00e9riel pour que la production se d\u00e9roule bien, mais il est aussi responsable de la qualit\u00e9 finale de la production sur laquelle il travaille.<\/span><\/p>\n<p><span style=\"font-weight: 400;\"><\/span><\/p>\n<h3><span style=\"color: #ff0000;\">\u2014 <\/span><b>Les comp\u00e9tences\u00a0<\/b><\/h3>\n<p><span style=\"font-weight: 400;\">Parmi ses comp\u00e9tences premi\u00e8res, un producteur doit avoir un sens aigu de l\u2019organisation et de l\u2019anticipation. Il poss\u00e8de un v\u00e9ritable r\u00f4le de \u00ab chef d\u2019orchestre \u00bb. Il se doit d&rsquo;\u00eatre un v\u00e9ritable maestro dans l\u2019\u00e9tablissement des plannings et pour tenir les d\u00e9lais, respecter ces plannings n\u00e9cessite une r\u00e9elle rigueur. Il doit aussi avoir un pouvoir de n\u00e9gociation quant aux demandes de financement.\u00a0<\/span><\/p>\n<ul>\n<li><span style=\"font-weight: 400;\">Comp\u00e9tences budg\u00e9taires et juridiques\u00a0<\/span><\/li>\n<li><span style=\"font-weight: 400;\">Comp\u00e9tences en n\u00e9gociation (recherche de financements)<\/span><\/li>\n<li><span style=\"font-weight: 400;\">Sens artistique d\u00e9velopp\u00e9\u00a0<\/span><\/li>\n<li><span style=\"font-weight: 400;\">Bonne culture g\u00e9n\u00e9rale\u00a0<\/span><\/li>\n<li><span style=\"font-weight: 400;\">Sens relationnel\u00a0<\/span><\/li>\n<li><span style=\"font-weight: 400;\">Leadership<\/span><\/li>\n<li><span style=\"font-weight: 400;\">Sens de l\u2019organisation <\/span><\/li>\n<\/ul>\n<p><span style=\"color: #ffffff;\">_<\/span><\/p>\n<h3><span style=\"color: #ff0000;\">\u2014 <\/span><b>Le salaire\u00a0<\/b><\/h3>\n<p><span style=\"font-weight: 400;\">Le salaire moyen est de 3 000\u20ac \u00e0 5 000\u20ac bruts par mois (entre 36 000\u20ac et 60 000\u20ac bruts par an). La r\u00e9mun\u00e9ration varie en fonction de plusieurs crit\u00e8res comme le studio, les ann\u00e9es d\u2019exp\u00e9rience, la ville de travail.\u00a0<\/span><\/p>\n<p>&nbsp;<\/p>\n<p><span style=\"font-weight: 400;\">Il existe une convention collective nationale de la production audiovisuelle qui fixe les salaires.\u00a0<\/span><\/p>\n<p>&nbsp;<\/p>\n<p><span style=\"font-weight: 400;\">Le salaire pour un junior dans l\u2019audiovisuel est nettement sup\u00e9rieur comparativement \u00e0 un simple charg\u00e9 de production audiovisuelle. En effet, il peut compter sur un salaire minimum de 3 000\u20ac bruts par mois, soit 2 340\u20ac nets par mois. <\/span><\/p>\n<h3><span style=\"color: #ffffff;\">_<\/span><\/h3>\n<h3><span style=\"color: #ff0000;\">\u2014 <\/span><b>\u00c9tudes &amp; formations<\/b><\/h3>\n<p><b>Bac+2\u00a0<\/b><\/p>\n<ul>\n<li style=\"font-weight: 400;\" aria-level=\"1\"><span style=\"font-weight: 400;\">BTS m\u00e9tier de l\u2019audiovisuel, option Gestion de production\u00a0<\/span><\/li>\n<li style=\"font-weight: 400;\" aria-level=\"1\"><span style=\"font-weight: 400;\">BTS Audiovisuel, option m\u00e9tier de l\u2019image<\/span><\/li>\n<\/ul>\n<p>&nbsp;<\/p>\n<p><b>Bac+3<\/b><\/p>\n<ul>\n<li style=\"font-weight: 400;\" aria-level=\"1\"><span style=\"font-weight: 400;\">Licence pro Gestion de la production audiovisuelle\u00a0<\/span><\/li>\n<li style=\"font-weight: 400;\" aria-level=\"1\"><span style=\"font-weight: 400;\">Bachelor (bac +3) Production\u00a0<\/span><\/li>\n<\/ul>\n<p>&nbsp;<\/p>\n<p><b>Bac+5<\/b><\/p>\n<ul>\n<li style=\"font-weight: 400;\" aria-level=\"1\"><span style=\"font-weight: 400;\">Master professionnel en gestion de production<\/span><\/li>\n<\/ul>\n<p>&nbsp;<\/p>\n<p><span style=\"font-weight: 400;\">Les jeunes dipl\u00f4m\u00e9s commencent g\u00e9n\u00e9ralement au poste d\u2019assistant \u00e0 la production avant de se voir confier plus de responsabilit\u00e9s.<\/span><\/p>\n<p><span style=\"font-weight: 400;\">Pour plus d\u2019infos sur les formations, rendez-vous sur le site de <a href=\"https:\/\/www.studyrama.com\/formations\/diplomes\/bts\/tous-les-bts-en-fiches\/bts-metiers-de-l-audiovisuel-278\">Studyrama<\/a>.\u00a0<\/span><\/p>\n<p><span style=\"color: #ffffff;\">_<\/span><\/p>\n<h3><span style=\"color: #ff0000;\">\u2014 Un producteur <\/span><span style=\"color: #ff0000;\">r\u00e9pond \u00e0 vos questions<\/span><\/h3>\n<p><span style=\"font-weight: 400;\"><\/span><\/p>\n<p><span style=\"font-weight: 400;\"><\/span><\/p>\n<p>[\/et_pb_text][\/et_pb_column][\/et_pb_row][et_pb_row _builder_version=\u00a0\u00bb4.13.1&Prime; _module_preset=\u00a0\u00bbdefault\u00a0\u00bb global_colors_info=\u00a0\u00bb{}\u00a0\u00bb][et_pb_column type=\u00a0\u00bb4_4&Prime; _builder_version=\u00a0\u00bb4.13.1&Prime; _module_preset=\u00a0\u00bbdefault\u00a0\u00bb global_colors_info=\u00a0\u00bb{}\u00a0\u00bb][et_pb_video src=\u00a0\u00bbhttps:\/\/youtu.be\/QpWkzJP3yqs\u00a0\u00bb _builder_version=\u00a0\u00bb4.13.1&Prime; _module_preset=\u00a0\u00bbdefault\u00a0\u00bb global_colors_info=\u00a0\u00bb{}\u00a0\u00bb][\/et_pb_video][\/et_pb_column][\/et_pb_row][\/et_pb_section]<\/p>\n","protected":false},"excerpt":{"rendered":"<p>Sans lui, le film, la s\u00e9rie ou l\u2019\u00e9mission de t\u00e9l\u00e9vision ne verrait pas le jour. \u00c0 la lecture du sc\u00e9nario, c\u2019est le producteur qui d\u00e9cide si le projet vaut la peine d\u2019\u00eatre produit ou non. Il peut \u00e9galement \u00eatre \u00e0 l\u2019origine du sc\u00e9nario et solliciter un auteur pour l\u2019aider \u00e0 sc\u00e9nariser son id\u00e9e. \u2014 Les [&hellip;]<\/p>\n","protected":false},"author":1,"featured_media":216990,"comment_status":"open","ping_status":"open","sticky":false,"template":"","format":"standard","meta":{"_et_pb_use_builder":"on","_et_pb_old_content":"","_et_gb_content_width":""},"categories":[28],"tags":[],"jetpack_featured_media_url":"https:\/\/i0.wp.com\/fonderie-infocom.net\/premieresepreuvesentrevuesbelfort\/wp-content\/uploads\/2022\/04\/me\u0301tier-de-producteur.jpg?fit=1000%2C666&ssl=1","_links":{"self":[{"href":"https:\/\/fonderie-infocom.net\/premieresepreuvesentrevuesbelfort\/index.php?rest_route=\/wp\/v2\/posts\/216989"}],"collection":[{"href":"https:\/\/fonderie-infocom.net\/premieresepreuvesentrevuesbelfort\/index.php?rest_route=\/wp\/v2\/posts"}],"about":[{"href":"https:\/\/fonderie-infocom.net\/premieresepreuvesentrevuesbelfort\/index.php?rest_route=\/wp\/v2\/types\/post"}],"author":[{"embeddable":true,"href":"https:\/\/fonderie-infocom.net\/premieresepreuvesentrevuesbelfort\/index.php?rest_route=\/wp\/v2\/users\/1"}],"replies":[{"embeddable":true,"href":"https:\/\/fonderie-infocom.net\/premieresepreuvesentrevuesbelfort\/index.php?rest_route=%2Fwp%2Fv2%2Fcomments&post=216989"}],"version-history":[{"count":4,"href":"https:\/\/fonderie-infocom.net\/premieresepreuvesentrevuesbelfort\/index.php?rest_route=\/wp\/v2\/posts\/216989\/revisions"}],"predecessor-version":[{"id":217005,"href":"https:\/\/fonderie-infocom.net\/premieresepreuvesentrevuesbelfort\/index.php?rest_route=\/wp\/v2\/posts\/216989\/revisions\/217005"}],"wp:featuredmedia":[{"embeddable":true,"href":"https:\/\/fonderie-infocom.net\/premieresepreuvesentrevuesbelfort\/index.php?rest_route=\/wp\/v2\/media\/216990"}],"wp:attachment":[{"href":"https:\/\/fonderie-infocom.net\/premieresepreuvesentrevuesbelfort\/index.php?rest_route=%2Fwp%2Fv2%2Fmedia&parent=216989"}],"wp:term":[{"taxonomy":"category","embeddable":true,"href":"https:\/\/fonderie-infocom.net\/premieresepreuvesentrevuesbelfort\/index.php?rest_route=%2Fwp%2Fv2%2Fcategories&post=216989"},{"taxonomy":"post_tag","embeddable":true,"href":"https:\/\/fonderie-infocom.net\/premieresepreuvesentrevuesbelfort\/index.php?rest_route=%2Fwp%2Fv2%2Ftags&post=216989"}],"curies":[{"name":"wp","href":"https:\/\/api.w.org\/{rel}","templated":true}]}}