{"id":217001,"date":"2022-04-10T23:07:14","date_gmt":"2022-04-10T21:07:14","guid":{"rendered":"https:\/\/fonderie-infocom.net\/premieresepreuvesentrevuesbelfort\/?p=217001"},"modified":"2022-04-11T10:09:32","modified_gmt":"2022-04-11T08:09:32","slug":"le-metier-de-programmateur-2","status":"publish","type":"post","link":"https:\/\/fonderie-infocom.net\/premieresepreuvesentrevuesbelfort\/?p=217001","title":{"rendered":"Le m\u00e9tier de programmateur"},"content":{"rendered":"<p>[et_pb_section fb_built=\u00a0\u00bb1&Prime; fullwidth=\u00a0\u00bbon\u00a0\u00bb _builder_version=\u00a0\u00bb4.13.1&Prime; _module_preset=\u00a0\u00bbdefault\u00a0\u00bb use_background_color_gradient=\u00a0\u00bbon\u00a0\u00bb background_color_gradient_start=\u00a0\u00bb#c3d6d7&Prime; background_color_gradient_end=\u00a0\u00bbrgba(0,0,0,0)\u00a0\u00bb background_color_gradient_start_position=\u00a0\u00bb59%\u00a0\u00bb background_color_gradient_end_position=\u00a0\u00bb30%\u00a0\u00bb min_height=\u00a0\u00bb100px\u00a0\u00bb height=\u00a0\u00bb190px\u00a0\u00bb max_height=\u00a0\u00bb100px\u00a0\u00bb custom_margin=\u00a0\u00bb||-20px||false|false\u00a0\u00bb global_colors_info=\u00a0\u00bb{}\u00a0\u00bb][et_pb_fullwidth_image _builder_version=\u00a0\u00bb4.13.1&Prime; _module_preset=\u00a0\u00bbdefault\u00a0\u00bb background_color=\u00a0\u00bb#c3d6d7&Prime; global_colors_info=\u00a0\u00bb{}\u00a0\u00bb][\/et_pb_fullwidth_image][\/et_pb_section][et_pb_section fb_built=\u00a0\u00bb1&Prime; _builder_version=\u00a0\u00bb4.13.1&Prime; _module_preset=\u00a0\u00bbdefault\u00a0\u00bb use_background_color_gradient=\u00a0\u00bbon\u00a0\u00bb background_color_gradient_start=\u00a0\u00bbrgba(0,0,0,0)\u00a0\u00bb background_color_gradient_end=\u00a0\u00bbrgba(0,0,0,0)\u00a0\u00bb background_color_gradient_start_position=\u00a0\u00bb5%\u00a0\u00bb background_color_gradient_end_position=\u00a0\u00bb0%\u00a0\u00bb min_height=\u00a0\u00bb993px\u00a0\u00bb custom_margin=\u00a0\u00bb0px||||false|false\u00a0\u00bb custom_padding=\u00a0\u00bb0px||||false|false\u00a0\u00bb global_colors_info=\u00a0\u00bb{}\u00a0\u00bb][et_pb_row _builder_version=\u00a0\u00bb4.13.1&Prime; _module_preset=\u00a0\u00bbdefault\u00a0\u00bb global_colors_info=\u00a0\u00bb{}\u00a0\u00bb][et_pb_column type=\u00a0\u00bb4_4&Prime; _builder_version=\u00a0\u00bb4.13.1&Prime; _module_preset=\u00a0\u00bbdefault\u00a0\u00bb global_colors_info=\u00a0\u00bb{}\u00a0\u00bb][et_pb_text _builder_version=\u00a0\u00bb4.13.1&Prime; _module_preset=\u00a0\u00bbdefault\u00a0\u00bb global_colors_info=\u00a0\u00bb{}\u00a0\u00bb][\/et_pb_text][\/et_pb_column][\/et_pb_row][et_pb_row _builder_version=\u00a0\u00bb4.0.8&Prime; global_colors_info=\u00a0\u00bb{}\u00a0\u00bb][et_pb_column type=\u00a0\u00bb4_4&Prime; _builder_version=\u00a0\u00bb4.0.8&Prime; global_colors_info=\u00a0\u00bb{}\u00a0\u00bb][et_pb_text _builder_version=\u00a0\u00bb4.13.1&Prime; text_font=\u00a0\u00bbLora||||||||\u00a0\u00bb text_text_color=\u00a0\u00bb#676879&Prime; text_font_size=\u00a0\u00bb16px\u00a0\u00bb text_line_height=\u00a0\u00bb2em\u00a0\u00bb header_2_font=\u00a0\u00bbRoboto Condensed|700||on|||||\u00a0\u00bb header_2_font_size=\u00a0\u00bb80px\u00a0\u00bb header_2_line_height=\u00a0\u00bb1.1em\u00a0\u00bb custom_margin=\u00a0\u00bb||||false|false\u00a0\u00bb hover_enabled=\u00a0\u00bb0&Prime; text_font_size_tablet=\u00a0\u00bb15px\u00a0\u00bb text_font_size_phone=\u00a0\u00bb14px\u00a0\u00bb text_font_size_last_edited=\u00a0\u00bbon|phone\u00a0\u00bb header_2_font_size_tablet=\u00a0\u00bb50px\u00a0\u00bb header_2_font_size_phone=\u00a0\u00bb30px\u00a0\u00bb header_2_font_size_last_edited=\u00a0\u00bbon|phone\u00a0\u00bb locked=\u00a0\u00bboff\u00a0\u00bb global_colors_info=\u00a0\u00bb{}\u00a0\u00bb sticky_enabled=\u00a0\u00bb0&Prime;]<\/p>\n<p><span style=\"color: #ff0000;\"><strong>Charg\u00e9 de construire la programmation d\u2019un cin\u00e9ma, en coh\u00e9rence avec la politique et l\u2019identit\u00e9 du lieu pour lequel il\/elle travaille. C\u2019est cette personne qui se charge de faire le lien entre les distributeurs de films et les salles. <\/strong><\/span><span style=\"color: #ff0000;\"><strong>Ce choix ne se fait bien \u00e9videmment pas en fonction de ses propres go\u00fbts, mais surtout en fonction de ce que le public souhaite voir et ressentir. Les crit\u00e8res de s\u00e9lection vont donc se baser sur la qualit\u00e9, la ligne \u00e9ditoriale du cin\u00e9ma, la sociologie et la g\u00e9ographie du territoire o\u00f9 le programmateur se trouve.<\/strong><\/span><\/p>\n<h3><span style=\"color: #ff0000;\">\u2014<\/span> <b>Les missions<\/b><\/h3>\n<p><span style=\"font-weight: 400;\">Le programmateur devra voir un maximum de films (plut\u00f4t cool nan?) afin de conna\u00eetre ce qu\u2019il propose au public, et de pouvoir d\u00e9fendre ses choix artistiques et commerciaux face aux distributeurs et exploitants. Il fait le lien entre les salles de cin\u00e9ma et les distributeurs et n\u00e9gocie avec ces derniers. <\/span><\/p>\n<p><span style=\"font-weight: 400;\"><\/span><\/p>\n<h3><span style=\"color: #ff0000;\">\u2014 <\/span><b>Les comp\u00e9tences\u00a0<\/b><\/h3>\n<ul>\n<li style=\"font-weight: 400;\" aria-level=\"1\"><span style=\"font-weight: 400;\">\u00catre passionn\u00e9(e) par le cin\u00e9ma<\/span><\/li>\n<li style=\"font-weight: 400;\" aria-level=\"1\"><span style=\"font-weight: 400;\">Aimer regarder beaucoup de films par jour<\/span><\/li>\n<li style=\"font-weight: 400;\" aria-level=\"1\"><span style=\"font-weight: 400;\">Savoir anticiper les go\u00fbts du public<\/span><\/li>\n<li style=\"font-weight: 400;\" aria-level=\"1\"><span style=\"font-weight: 400;\">Savoir n\u00e9gocier<\/span><\/li>\n<li style=\"font-weight: 400;\" aria-level=\"1\"><span style=\"font-weight: 400;\">Savoir travailler en \u00e9quipe<\/span><\/li>\n<\/ul>\n<p><span style=\"color: #ffffff;\">_<\/span><\/p>\n<h3><span style=\"color: #ff0000;\">\u2014 <\/span><b>Le salaire\u00a0<\/b><\/h3>\n<p><span style=\"font-weight: 400;\">Pour un programmateur ind\u00e9pendant, le salaire d\u00e9pend des recettes en salles. Pour un employ\u00e9, cela d\u00e9pend de l\u2019employeur.\u00a0<\/span><\/p>\n<p><span style=\"font-weight: 400;\">En moyenne, les salaires varient entre 2 300 \u20ac et 2 500 \u20ac brut par mois pour un charg\u00e9 de programmation d\u00e9butant. Un cadre peut gagner jusqu\u2019\u00e0 4 500 \u20ac nets\/mois.<\/span><\/p>\n<h3><span style=\"color: #ffffff;\">_<\/span><\/h3>\n<h3><span style=\"color: #ff0000;\">\u2014 <\/span><b>\u00c9tudes &amp; formations<\/b><\/h3>\n<p><b>Bac+2\u00a0<\/b><\/p>\n<ul>\n<li style=\"font-weight: 400;\" aria-level=\"1\"><span style=\"font-weight: 400;\">BTS m\u00e9tier de l\u2019audiovisuel, option Gestion de production\u00a0<\/span><\/li>\n<\/ul>\n<p><i><span style=\"font-weight: 400;\">Pour plus d\u2019infos sur cette formation : <\/span><\/i><a href=\"https:\/\/www.cidj.com\/etudes-formations-alternance\/les-diplomes\/bts-metiers-de-l-audiovisuel\"><i><span style=\"font-weight: 400;\">https:\/\/www.cidj.com\/etudes-formations-alternance\/les-diplomes\/bts-metiers-de-l-audiovisuel<\/span><\/i><\/a><i><span style=\"font-weight: 400;\">.\u00a0<\/span><\/i><\/p>\n<p><b>Bac+3<\/b><\/p>\n<ul>\n<li style=\"font-weight: 400;\" aria-level=\"1\"><span style=\"font-weight: 400;\">Licence pro Gestion de la production audiovisuelle\u00a0<\/span><\/li>\n<li style=\"font-weight: 400;\" aria-level=\"1\"><span style=\"font-weight: 400;\">Bachelor (bac +3) Production\u00a0<\/span><\/li>\n<\/ul>\n<p><i><span style=\"font-weight: 400;\">Quelques \u00e9coles<\/span><\/i><span style=\"font-weight: 400;\"> : La F\u00e9mis (Ensmis), Esra (\u00c9cole Sup\u00e9rieure de R\u00e9alisation Audiovisuelle), Esec (\u00c9cole Sup\u00e9rieure d\u2019\u00c9tudes Cin\u00e9matographiques), ISCPA Paris\u2026<\/span><\/p>\n<p><b>Bac+5<\/b><\/p>\n<ul>\n<li style=\"font-weight: 400;\" aria-level=\"1\"><span style=\"font-weight: 400;\">Master professionnel en gestion de production<\/span><\/li>\n<li style=\"font-weight: 400;\" aria-level=\"1\"><span style=\"font-weight: 400;\">Master en production audiovisuelle et multim\u00e9dia<\/span><\/li>\n<li style=\"font-weight: 400;\" aria-level=\"1\"><span style=\"font-weight: 400;\">Master en image, son et multim\u00e9dia<\/span><\/li>\n<\/ul>\n<p><i><span style=\"font-weight: 400;\">Quelques \u00e9coles <\/span><\/i><span style=\"font-weight: 400;\">: Paris 1, Paris 3, Toulouse 3, Bordeaux 3, Aix-Marseille 1, Lyon 3\u2026<\/span><\/p>\n<p><span style=\"font-weight: 400;\">Il est \u00e9galement possible d\u2019avoir fait des \u00e9tudes en \u00e9coles de Commerce et Management.<\/span><\/p>\n<p>&nbsp;<\/p>\n<p><span style=\"font-weight: 400;\">Pour devenir charg\u00e9 de programmation, il est quasi indispensable d\u2019avoir effectu\u00e9 des stages dans une organisation de production, d\u2019un programmateur ou d\u2019un exploitant.<\/span><\/p>\n<p><span style=\"color: #ffffff;\">_<\/span><\/p>\n<h3><span style=\"color: #ff0000;\">\u2014 Un programmateur <\/span><span style=\"color: #ff0000;\">r\u00e9pond \u00e0 vos questions<\/span><\/h3>\n<p><span style=\"font-weight: 400;\"><\/span><\/p>\n<p><span style=\"font-weight: 400;\"><\/span><\/p>\n<p>[\/et_pb_text][\/et_pb_column][\/et_pb_row][et_pb_row _builder_version=\u00a0\u00bb4.13.1&Prime; _module_preset=\u00a0\u00bbdefault\u00a0\u00bb global_colors_info=\u00a0\u00bb{}\u00a0\u00bb][et_pb_column type=\u00a0\u00bb4_4&Prime; _builder_version=\u00a0\u00bb4.13.1&Prime; _module_preset=\u00a0\u00bbdefault\u00a0\u00bb global_colors_info=\u00a0\u00bb{}\u00a0\u00bb][et_pb_video src=\u00a0\u00bbhttps:\/\/youtu.be\/QpWkzJP3yqs\u00a0\u00bb _builder_version=\u00a0\u00bb4.13.1&Prime; _module_preset=\u00a0\u00bbdefault\u00a0\u00bb global_colors_info=\u00a0\u00bb{}\u00a0\u00bb][\/et_pb_video][\/et_pb_column][\/et_pb_row][\/et_pb_section]<\/p>\n","protected":false},"excerpt":{"rendered":"<p>Charg\u00e9 de construire la programmation d\u2019un cin\u00e9ma, en coh\u00e9rence avec la politique et l\u2019identit\u00e9 du lieu pour lequel il\/elle travaille. C\u2019est cette personne qui se charge de faire le lien entre les distributeurs de films et les salles. Ce choix ne se fait bien \u00e9videmment pas en fonction de ses propres go\u00fbts, mais surtout en [&hellip;]<\/p>\n","protected":false},"author":1,"featured_media":217042,"comment_status":"open","ping_status":"open","sticky":false,"template":"","format":"standard","meta":{"_et_pb_use_builder":"on","_et_pb_old_content":"","_et_gb_content_width":""},"categories":[28],"tags":[],"jetpack_featured_media_url":"https:\/\/i0.wp.com\/fonderie-infocom.net\/premieresepreuvesentrevuesbelfort\/wp-content\/uploads\/2022\/04\/programmateur.png?fit=1000%2C666&ssl=1","_links":{"self":[{"href":"https:\/\/fonderie-infocom.net\/premieresepreuvesentrevuesbelfort\/index.php?rest_route=\/wp\/v2\/posts\/217001"}],"collection":[{"href":"https:\/\/fonderie-infocom.net\/premieresepreuvesentrevuesbelfort\/index.php?rest_route=\/wp\/v2\/posts"}],"about":[{"href":"https:\/\/fonderie-infocom.net\/premieresepreuvesentrevuesbelfort\/index.php?rest_route=\/wp\/v2\/types\/post"}],"author":[{"embeddable":true,"href":"https:\/\/fonderie-infocom.net\/premieresepreuvesentrevuesbelfort\/index.php?rest_route=\/wp\/v2\/users\/1"}],"replies":[{"embeddable":true,"href":"https:\/\/fonderie-infocom.net\/premieresepreuvesentrevuesbelfort\/index.php?rest_route=%2Fwp%2Fv2%2Fcomments&post=217001"}],"version-history":[{"count":4,"href":"https:\/\/fonderie-infocom.net\/premieresepreuvesentrevuesbelfort\/index.php?rest_route=\/wp\/v2\/posts\/217001\/revisions"}],"predecessor-version":[{"id":217044,"href":"https:\/\/fonderie-infocom.net\/premieresepreuvesentrevuesbelfort\/index.php?rest_route=\/wp\/v2\/posts\/217001\/revisions\/217044"}],"wp:featuredmedia":[{"embeddable":true,"href":"https:\/\/fonderie-infocom.net\/premieresepreuvesentrevuesbelfort\/index.php?rest_route=\/wp\/v2\/media\/217042"}],"wp:attachment":[{"href":"https:\/\/fonderie-infocom.net\/premieresepreuvesentrevuesbelfort\/index.php?rest_route=%2Fwp%2Fv2%2Fmedia&parent=217001"}],"wp:term":[{"taxonomy":"category","embeddable":true,"href":"https:\/\/fonderie-infocom.net\/premieresepreuvesentrevuesbelfort\/index.php?rest_route=%2Fwp%2Fv2%2Fcategories&post=217001"},{"taxonomy":"post_tag","embeddable":true,"href":"https:\/\/fonderie-infocom.net\/premieresepreuvesentrevuesbelfort\/index.php?rest_route=%2Fwp%2Fv2%2Ftags&post=217001"}],"curies":[{"name":"wp","href":"https:\/\/api.w.org\/{rel}","templated":true}]}}