{"id":217012,"date":"2022-04-10T23:38:50","date_gmt":"2022-04-10T21:38:50","guid":{"rendered":"https:\/\/fonderie-infocom.net\/premieresepreuvesentrevuesbelfort\/?p=217012"},"modified":"2022-04-11T09:56:46","modified_gmt":"2022-04-11T07:56:46","slug":"le-metier-de-photographe","status":"publish","type":"post","link":"https:\/\/fonderie-infocom.net\/premieresepreuvesentrevuesbelfort\/?p=217012","title":{"rendered":"Le m\u00e9tier de photographe"},"content":{"rendered":"<p>[et_pb_section fb_built=\u00a0\u00bb1&Prime; fullwidth=\u00a0\u00bbon\u00a0\u00bb _builder_version=\u00a0\u00bb4.13.1&Prime; _module_preset=\u00a0\u00bbdefault\u00a0\u00bb use_background_color_gradient=\u00a0\u00bbon\u00a0\u00bb background_color_gradient_start=\u00a0\u00bb#c3d6d7&Prime; background_color_gradient_end=\u00a0\u00bbrgba(0,0,0,0)\u00a0\u00bb background_color_gradient_start_position=\u00a0\u00bb59%\u00a0\u00bb background_color_gradient_end_position=\u00a0\u00bb30%\u00a0\u00bb min_height=\u00a0\u00bb100px\u00a0\u00bb height=\u00a0\u00bb190px\u00a0\u00bb max_height=\u00a0\u00bb100px\u00a0\u00bb custom_margin=\u00a0\u00bb||-20px||false|false\u00a0\u00bb global_colors_info=\u00a0\u00bb{}\u00a0\u00bb][et_pb_fullwidth_image _builder_version=\u00a0\u00bb4.13.1&Prime; _module_preset=\u00a0\u00bbdefault\u00a0\u00bb background_color=\u00a0\u00bb#c3d6d7&Prime; global_colors_info=\u00a0\u00bb{}\u00a0\u00bb][\/et_pb_fullwidth_image][\/et_pb_section][et_pb_section fb_built=\u00a0\u00bb1&Prime; _builder_version=\u00a0\u00bb4.13.1&Prime; _module_preset=\u00a0\u00bbdefault\u00a0\u00bb use_background_color_gradient=\u00a0\u00bbon\u00a0\u00bb background_color_gradient_start=\u00a0\u00bbrgba(0,0,0,0)\u00a0\u00bb background_color_gradient_end=\u00a0\u00bbrgba(0,0,0,0)\u00a0\u00bb background_color_gradient_start_position=\u00a0\u00bb5%\u00a0\u00bb background_color_gradient_end_position=\u00a0\u00bb0%\u00a0\u00bb min_height=\u00a0\u00bb993px\u00a0\u00bb custom_margin=\u00a0\u00bb0px||||false|false\u00a0\u00bb custom_padding=\u00a0\u00bb0px||||false|false\u00a0\u00bb global_colors_info=\u00a0\u00bb{}\u00a0\u00bb][et_pb_row _builder_version=\u00a0\u00bb4.13.1&Prime; _module_preset=\u00a0\u00bbdefault\u00a0\u00bb global_colors_info=\u00a0\u00bb{}\u00a0\u00bb][et_pb_column type=\u00a0\u00bb4_4&Prime; _builder_version=\u00a0\u00bb4.13.1&Prime; _module_preset=\u00a0\u00bbdefault\u00a0\u00bb global_colors_info=\u00a0\u00bb{}\u00a0\u00bb][et_pb_text _builder_version=\u00a0\u00bb4.13.1&Prime; _module_preset=\u00a0\u00bbdefault\u00a0\u00bb global_colors_info=\u00a0\u00bb{}\u00a0\u00bb][\/et_pb_text][\/et_pb_column][\/et_pb_row][et_pb_row _builder_version=\u00a0\u00bb4.0.8&Prime; global_colors_info=\u00a0\u00bb{}\u00a0\u00bb][et_pb_column type=\u00a0\u00bb4_4&Prime; _builder_version=\u00a0\u00bb4.0.8&Prime; global_colors_info=\u00a0\u00bb{}\u00a0\u00bb][et_pb_text _builder_version=\u00a0\u00bb4.13.1&Prime; text_font=\u00a0\u00bbLora||||||||\u00a0\u00bb text_text_color=\u00a0\u00bb#676879&Prime; text_font_size=\u00a0\u00bb16px\u00a0\u00bb text_line_height=\u00a0\u00bb2em\u00a0\u00bb header_2_font=\u00a0\u00bbRoboto Condensed|700||on|||||\u00a0\u00bb header_2_font_size=\u00a0\u00bb80px\u00a0\u00bb header_2_line_height=\u00a0\u00bb1.1em\u00a0\u00bb custom_margin=\u00a0\u00bb||||false|false\u00a0\u00bb hover_enabled=\u00a0\u00bb0&Prime; text_font_size_tablet=\u00a0\u00bb15px\u00a0\u00bb text_font_size_phone=\u00a0\u00bb14px\u00a0\u00bb text_font_size_last_edited=\u00a0\u00bbon|phone\u00a0\u00bb header_2_font_size_tablet=\u00a0\u00bb50px\u00a0\u00bb header_2_font_size_phone=\u00a0\u00bb30px\u00a0\u00bb header_2_font_size_last_edited=\u00a0\u00bbon|phone\u00a0\u00bb locked=\u00a0\u00bboff\u00a0\u00bb global_colors_info=\u00a0\u00bb{}\u00a0\u00bb sticky_enabled=\u00a0\u00bb0&Prime;]<\/p>\n<p><strong><span style=\"color: #ff0000;\">Professionnel de l\u2019image, le photographe est avant tout un artiste passionn\u00e9 de photo. Il fait preuve de cr\u00e9ativit\u00e9 et sait immortaliser les moments les plus importants.\u00a0<\/span><\/strong><\/p>\n<h3><span style=\"color: #ff0000;\">\u2014<\/span> <b>Les missions<\/b><\/h3>\n<p><span style=\"font-weight: 400;\">Pour prendre une bonne photo, il y a un minimum de r\u00e9glages techniques n\u00e9cessaires avant d\u2019appuyer sur le bouton.\u00a0<\/span><\/p>\n<p><span style=\"font-weight: 400;\">Le photographe fait donc attention au cadrage, \u00e0 l\u2019angle de prise de vue, \u00e0 la lumi\u00e8re, tout en prenant en compte le cahier des charges d\u00e9fini par son client.<\/span><\/p>\n<p><span style=\"font-weight: 400;\">Il doit savoir s\u2019adapter \u00e0 toutes les situations et mettre \u00e0 l\u2019aise les personnes qu\u2019il souhaite photographier.\u00a0<\/span><\/p>\n<p><span style=\"font-weight: 400;\">Aujourd\u2019hui, le photographe g\u00e8re toute la cha\u00eene de traitement num\u00e9rique de l\u2019image : de la prise de vue jusqu\u2019\u00e0 son impression finale ou sa mise en ligne. <\/span><\/p>\n<p><span style=\"font-weight: 400;\"><\/span><\/p>\n<h3><span style=\"color: #ff0000;\">\u2014 <\/span><b>Les comp\u00e9tences\u00a0<\/b><\/h3>\n<ul>\n<li style=\"font-weight: 400;\" aria-level=\"1\"><span style=\"font-weight: 400;\">Avoir une excellente technique en photographie<\/span><\/li>\n<li style=\"font-weight: 400;\" aria-level=\"1\"><span style=\"font-weight: 400;\">Avoir une bonne culture de l\u2019image et sensibilit\u00e9 artistique<\/span><\/li>\n<li style=\"font-weight: 400;\" aria-level=\"1\"><span style=\"font-weight: 400;\">\u00catre cr\u00e9atif<\/span><\/li>\n<li style=\"font-weight: 400;\" aria-level=\"1\"><span style=\"font-weight: 400;\">Avoir le sens du relationnel<\/span><\/li>\n<li style=\"font-weight: 400;\" aria-level=\"1\"><span style=\"font-weight: 400;\">Avoir la fibre commerciale<\/span><\/li>\n<li style=\"font-weight: 400;\" aria-level=\"1\"><span style=\"font-weight: 400;\">Ma\u00eetriser l\u2019informatique et les logiciels de retouche<\/span><\/li>\n<\/ul>\n<p><span style=\"color: #ffffff;\">_<\/span><\/p>\n<h3><span style=\"color: #ff0000;\">\u2014 <\/span><b>Le salaire\u00a0<\/b><\/h3>\n<p><span style=\"font-weight: 400;\">En tant que salari\u00e9, un photographe peut gagner entre 1 500 et 2 000 \u20ac nets\/mois.\u00a0<\/span><\/p>\n<p><span style=\"font-weight: 400;\">N\u00e9anmoins, un photographe ind\u00e9pendant aura une r\u00e9mun\u00e9ration diff\u00e9rente qui d\u00e9pend du secteur o\u00f9 il travaille et des forfaits qu\u2019il aura fix\u00e9 pour son offre. <\/span><\/p>\n<h3><span style=\"color: #ffffff;\">_<\/span><\/h3>\n<h3><span style=\"color: #ff0000;\">\u2014 <\/span><b>\u00c9tudes &amp; formations<\/b><\/h3>\n<p><b>Bac+3<\/b><\/p>\n<ul>\n<li style=\"font-weight: 400;\" aria-level=\"1\"><span style=\"font-weight: 400;\">Bachelor Photographie (EFET Photographie)\u00a0<\/span><\/li>\n<\/ul>\n<p><span style=\"font-weight: 400;\">Afin de r\u00e9ussir dans le m\u00e9tier, il serait int\u00e9ressant de commencer en tant qu&rsquo;assistant chez un photographe, ou de se mettre \u00e0 son compte. Il est important de savoir se d\u00e9marquer en imposant son style ou en se sp\u00e9cialisant dans un domaine en particulier. <\/span><\/p>\n<p><span style=\"color: #ffffff;\">_<\/span><\/p>\n<h3><span style=\"color: #ff0000;\">\u2014 Une photographe <\/span><span style=\"color: #ff0000;\">r\u00e9pond \u00e0 vos questions<\/span><\/h3>\n<p><span style=\"font-weight: 400;\"><\/span><\/p>\n<p><span style=\"font-weight: 400;\"><\/span><\/p>\n<p>[\/et_pb_text][\/et_pb_column][\/et_pb_row][et_pb_row _builder_version=\u00a0\u00bb4.13.1&Prime; _module_preset=\u00a0\u00bbdefault\u00a0\u00bb global_colors_info=\u00a0\u00bb{}\u00a0\u00bb][et_pb_column type=\u00a0\u00bb4_4&Prime; _builder_version=\u00a0\u00bb4.13.1&Prime; _module_preset=\u00a0\u00bbdefault\u00a0\u00bb global_colors_info=\u00a0\u00bb{}\u00a0\u00bb][et_pb_video src=\u00a0\u00bbhttps:\/\/youtu.be\/U8Q6EKbC_k0&Prime; _builder_version=\u00a0\u00bb4.13.1&Prime; _module_preset=\u00a0\u00bbdefault\u00a0\u00bb hover_enabled=\u00a0\u00bb0&Prime; global_colors_info=\u00a0\u00bb{}\u00a0\u00bb sticky_enabled=\u00a0\u00bb0&Prime;][\/et_pb_video][\/et_pb_column][\/et_pb_row][\/et_pb_section]<\/p>\n","protected":false},"excerpt":{"rendered":"<p>Professionnel de l\u2019image, le photographe est avant tout un artiste passionn\u00e9 de photo. Il fait preuve de cr\u00e9ativit\u00e9 et sait immortaliser les moments les plus importants.\u00a0 \u2014 Les missions Pour prendre une bonne photo, il y a un minimum de r\u00e9glages techniques n\u00e9cessaires avant d\u2019appuyer sur le bouton.\u00a0 Le photographe fait donc attention au cadrage, [&hellip;]<\/p>\n","protected":false},"author":1,"featured_media":217036,"comment_status":"open","ping_status":"open","sticky":false,"template":"","format":"standard","meta":{"_et_pb_use_builder":"on","_et_pb_old_content":"","_et_gb_content_width":""},"categories":[28],"tags":[],"jetpack_featured_media_url":"https:\/\/i0.wp.com\/fonderie-infocom.net\/premieresepreuvesentrevuesbelfort\/wp-content\/uploads\/2022\/04\/photographe.jpg?fit=1000%2C666&ssl=1","_links":{"self":[{"href":"https:\/\/fonderie-infocom.net\/premieresepreuvesentrevuesbelfort\/index.php?rest_route=\/wp\/v2\/posts\/217012"}],"collection":[{"href":"https:\/\/fonderie-infocom.net\/premieresepreuvesentrevuesbelfort\/index.php?rest_route=\/wp\/v2\/posts"}],"about":[{"href":"https:\/\/fonderie-infocom.net\/premieresepreuvesentrevuesbelfort\/index.php?rest_route=\/wp\/v2\/types\/post"}],"author":[{"embeddable":true,"href":"https:\/\/fonderie-infocom.net\/premieresepreuvesentrevuesbelfort\/index.php?rest_route=\/wp\/v2\/users\/1"}],"replies":[{"embeddable":true,"href":"https:\/\/fonderie-infocom.net\/premieresepreuvesentrevuesbelfort\/index.php?rest_route=%2Fwp%2Fv2%2Fcomments&post=217012"}],"version-history":[{"count":3,"href":"https:\/\/fonderie-infocom.net\/premieresepreuvesentrevuesbelfort\/index.php?rest_route=\/wp\/v2\/posts\/217012\/revisions"}],"predecessor-version":[{"id":217038,"href":"https:\/\/fonderie-infocom.net\/premieresepreuvesentrevuesbelfort\/index.php?rest_route=\/wp\/v2\/posts\/217012\/revisions\/217038"}],"wp:featuredmedia":[{"embeddable":true,"href":"https:\/\/fonderie-infocom.net\/premieresepreuvesentrevuesbelfort\/index.php?rest_route=\/wp\/v2\/media\/217036"}],"wp:attachment":[{"href":"https:\/\/fonderie-infocom.net\/premieresepreuvesentrevuesbelfort\/index.php?rest_route=%2Fwp%2Fv2%2Fmedia&parent=217012"}],"wp:term":[{"taxonomy":"category","embeddable":true,"href":"https:\/\/fonderie-infocom.net\/premieresepreuvesentrevuesbelfort\/index.php?rest_route=%2Fwp%2Fv2%2Fcategories&post=217012"},{"taxonomy":"post_tag","embeddable":true,"href":"https:\/\/fonderie-infocom.net\/premieresepreuvesentrevuesbelfort\/index.php?rest_route=%2Fwp%2Fv2%2Ftags&post=217012"}],"curies":[{"name":"wp","href":"https:\/\/api.w.org\/{rel}","templated":true}]}}