{"id":217014,"date":"2022-04-10T23:39:06","date_gmt":"2022-04-10T21:39:06","guid":{"rendered":"https:\/\/fonderie-infocom.net\/premieresepreuvesentrevuesbelfort\/?p=217014"},"modified":"2022-04-11T09:49:59","modified_gmt":"2022-04-11T07:49:59","slug":"le-metier-de-photographe-de-plateau","status":"publish","type":"post","link":"https:\/\/fonderie-infocom.net\/premieresepreuvesentrevuesbelfort\/?p=217014","title":{"rendered":"Le m\u00e9tier de photographe de plateau"},"content":{"rendered":"<p>[et_pb_section fb_built=\u00a0\u00bb1&Prime; fullwidth=\u00a0\u00bbon\u00a0\u00bb _builder_version=\u00a0\u00bb4.13.1&Prime; _module_preset=\u00a0\u00bbdefault\u00a0\u00bb use_background_color_gradient=\u00a0\u00bbon\u00a0\u00bb background_color_gradient_start=\u00a0\u00bb#c3d6d7&Prime; background_color_gradient_end=\u00a0\u00bbrgba(0,0,0,0)\u00a0\u00bb background_color_gradient_start_position=\u00a0\u00bb59%\u00a0\u00bb background_color_gradient_end_position=\u00a0\u00bb30%\u00a0\u00bb min_height=\u00a0\u00bb100px\u00a0\u00bb height=\u00a0\u00bb190px\u00a0\u00bb max_height=\u00a0\u00bb100px\u00a0\u00bb custom_margin=\u00a0\u00bb||-20px||false|false\u00a0\u00bb global_colors_info=\u00a0\u00bb{}\u00a0\u00bb][et_pb_fullwidth_image _builder_version=\u00a0\u00bb4.13.1&Prime; _module_preset=\u00a0\u00bbdefault\u00a0\u00bb background_color=\u00a0\u00bb#c3d6d7&Prime; global_colors_info=\u00a0\u00bb{}\u00a0\u00bb][\/et_pb_fullwidth_image][\/et_pb_section][et_pb_section fb_built=\u00a0\u00bb1&Prime; _builder_version=\u00a0\u00bb4.13.1&Prime; _module_preset=\u00a0\u00bbdefault\u00a0\u00bb use_background_color_gradient=\u00a0\u00bbon\u00a0\u00bb background_color_gradient_start=\u00a0\u00bbrgba(0,0,0,0)\u00a0\u00bb background_color_gradient_end=\u00a0\u00bbrgba(0,0,0,0)\u00a0\u00bb background_color_gradient_start_position=\u00a0\u00bb5%\u00a0\u00bb background_color_gradient_end_position=\u00a0\u00bb0%\u00a0\u00bb min_height=\u00a0\u00bb993px\u00a0\u00bb custom_margin=\u00a0\u00bb0px||||false|false\u00a0\u00bb custom_padding=\u00a0\u00bb0px||||false|false\u00a0\u00bb global_colors_info=\u00a0\u00bb{}\u00a0\u00bb][et_pb_row _builder_version=\u00a0\u00bb4.13.1&Prime; _module_preset=\u00a0\u00bbdefault\u00a0\u00bb global_colors_info=\u00a0\u00bb{}\u00a0\u00bb][et_pb_column type=\u00a0\u00bb4_4&Prime; _builder_version=\u00a0\u00bb4.13.1&Prime; _module_preset=\u00a0\u00bbdefault\u00a0\u00bb global_colors_info=\u00a0\u00bb{}\u00a0\u00bb][et_pb_text _builder_version=\u00a0\u00bb4.13.1&Prime; _module_preset=\u00a0\u00bbdefault\u00a0\u00bb global_colors_info=\u00a0\u00bb{}\u00a0\u00bb][\/et_pb_text][\/et_pb_column][\/et_pb_row][et_pb_row _builder_version=\u00a0\u00bb4.0.8&Prime; global_colors_info=\u00a0\u00bb{}\u00a0\u00bb][et_pb_column type=\u00a0\u00bb4_4&Prime; _builder_version=\u00a0\u00bb4.0.8&Prime; global_colors_info=\u00a0\u00bb{}\u00a0\u00bb][et_pb_text _builder_version=\u00a0\u00bb4.13.1&Prime; text_font=\u00a0\u00bbLora||||||||\u00a0\u00bb text_text_color=\u00a0\u00bb#676879&Prime; text_font_size=\u00a0\u00bb16px\u00a0\u00bb text_line_height=\u00a0\u00bb2em\u00a0\u00bb header_2_font=\u00a0\u00bbRoboto Condensed|700||on|||||\u00a0\u00bb header_2_font_size=\u00a0\u00bb80px\u00a0\u00bb header_2_line_height=\u00a0\u00bb1.1em\u00a0\u00bb custom_margin=\u00a0\u00bb||||false|false\u00a0\u00bb hover_enabled=\u00a0\u00bb0&Prime; text_font_size_tablet=\u00a0\u00bb15px\u00a0\u00bb text_font_size_phone=\u00a0\u00bb14px\u00a0\u00bb text_font_size_last_edited=\u00a0\u00bbon|phone\u00a0\u00bb header_2_font_size_tablet=\u00a0\u00bb50px\u00a0\u00bb header_2_font_size_phone=\u00a0\u00bb30px\u00a0\u00bb header_2_font_size_last_edited=\u00a0\u00bbon|phone\u00a0\u00bb locked=\u00a0\u00bboff\u00a0\u00bb global_colors_info=\u00a0\u00bb{}\u00a0\u00bb sticky_enabled=\u00a0\u00bb0&Prime;]<\/p>\n<p><span style=\"color: #ff0000;\"><strong>Professionnel de l\u2019image, le photographe est avant tout un artiste passionn\u00e9 de photo. Il fait preuve de cr\u00e9ativit\u00e9 et sait immortaliser les moments les plus importants.\u00a0<\/strong><\/span><\/p>\n<p><span style=\"color: #ff0000;\"><strong>Le travail du photographe de plateau porte sur le reportage du tournage et les photos des sc\u00e8nes du film. Il b\u00e9n\u00e9ficie d\u2019une quasi totale libert\u00e9 sur le plateau. Ces photos sont destin\u00e9es \u00e0 la promotion du film, mais \u00e9galement pour de simples souvenirs. Ces photos doivent \u00eatre en coordination avec les souhaits du r\u00e9alisateur et de la production.<\/strong><\/span><strong><span style=\"color: #ff0000;\"><\/span><\/strong><\/p>\n<p><span style=\"color: #ff0000;\"><strong><\/strong><\/span><\/p>\n<h3><span style=\"color: #ff0000;\">\u2014<\/span> <b>Les missions<\/b><\/h3>\n<p><span style=\"font-weight: 400;\">Pour prendre une bonne photo, il y a un minimum de r\u00e9glages techniques n\u00e9cessaires avant d\u2019appuyer sur le bouton.\u00a0<\/span><\/p>\n<p><span style=\"font-weight: 400;\">Le photographe fait donc attention au cadrage, \u00e0 l\u2019angle de prise de vue, \u00e0 la lumi\u00e8re, tout en prenant en compte le cahier des charges d\u00e9fini par son client.<\/span><\/p>\n<p><span style=\"font-weight: 400;\">Il doit savoir s\u2019adapter \u00e0 toutes les situations et mettre \u00e0 l\u2019aise les personnes qu\u2019il souhaite photographier.\u00a0<\/span><\/p>\n<p><span style=\"font-weight: 400;\">Aujourd\u2019hui, le photographe g\u00e8re toute la cha\u00eene de traitement num\u00e9rique de l\u2019image : de la prise de vue jusqu\u2019\u00e0 son impression finale ou sa mise en ligne.\u00a0<\/span><\/p>\n<p><span style=\"font-weight: 400;\"><\/span><\/p>\n<h3><span style=\"color: #ff0000;\">\u2014 <\/span><b>Les comp\u00e9tences\u00a0<\/b><\/h3>\n<ul>\n<li style=\"font-weight: 400;\" aria-level=\"1\"><span style=\"font-weight: 400;\">\u00catre discret<\/span><\/li>\n<li style=\"font-weight: 400;\" aria-level=\"1\"><span style=\"font-weight: 400;\">Aimer les com\u00e9diens et acteurs<\/span><\/li>\n<li style=\"font-weight: 400;\" aria-level=\"1\"><span style=\"font-weight: 400;\">Conna\u00eetre la technique cin\u00e9matographique pour savoir qui fait quoi et o\u00f9 se placer<\/span><\/li>\n<\/ul>\n<p><span style=\"color: #ffffff;\">_<\/span><\/p>\n<h3><span style=\"color: #ff0000;\">\u2014 <\/span><b>Le salaire\u00a0<\/b><\/h3>\n<p><span style=\"font-weight: 400;\">Son salaire se situe en moyenne autour de 1 160 \u20ac par semaine.<\/span><\/p>\n<h3><span style=\"color: #ffffff;\">_<\/span><\/h3>\n<h3><span style=\"color: #ff0000;\">\u2014 <\/span><b>\u00c9tudes &amp; formations<\/b><\/h3>\n<p><b>Bac+2<\/b><\/p>\n<ul>\n<li style=\"font-weight: 400;\" aria-level=\"1\"><span style=\"font-weight: 400;\">BTS Photographie<\/span><\/li>\n<\/ul>\n<p><b>Bac+3<\/b><\/p>\n<ul>\n<li style=\"font-weight: 400;\" aria-level=\"1\"><span style=\"font-weight: 400;\">Bachelor Photographie (EFET Photographie)<\/span><\/li>\n<\/ul>\n<p><b>Bac+5<\/b><\/p>\n<ul>\n<li style=\"font-weight: 400;\" aria-level=\"1\"><span style=\"font-weight: 400;\">Master Photographie (sur 3 ans accessible \u00e0 bac+2 : <\/span><a href=\"https:\/\/www.ensp-arles.fr\/les-formations\/le-master\/\"><span style=\"font-weight: 400;\">ENSP<\/span><\/a><span style=\"font-weight: 400;\">)<\/span><\/li>\n<\/ul>\n<p><span style=\"color: #ffffff;\">_<\/span><\/p>\n<p><span style=\"font-weight: 400;\"><\/span><\/p>\n<p><span style=\"font-weight: 400;\"><\/span><\/p>\n<p>[\/et_pb_text][\/et_pb_column][\/et_pb_row][et_pb_row _builder_version=\u00a0\u00bb4.13.1&Prime; _module_preset=\u00a0\u00bbdefault\u00a0\u00bb global_colors_info=\u00a0\u00bb{}\u00a0\u00bb][et_pb_column type=\u00a0\u00bb4_4&Prime; _builder_version=\u00a0\u00bb4.13.1&Prime; _module_preset=\u00a0\u00bbdefault\u00a0\u00bb global_colors_info=\u00a0\u00bb{}\u00a0\u00bb][\/et_pb_column][\/et_pb_row][\/et_pb_section]<\/p>\n","protected":false},"excerpt":{"rendered":"<p>Professionnel de l\u2019image, le photographe est avant tout un artiste passionn\u00e9 de photo. Il fait preuve de cr\u00e9ativit\u00e9 et sait immortaliser les moments les plus importants.\u00a0 Le travail du photographe de plateau porte sur le reportage du tournage et les photos des sc\u00e8nes du film. Il b\u00e9n\u00e9ficie d\u2019une quasi totale libert\u00e9 sur le plateau. Ces [&hellip;]<\/p>\n","protected":false},"author":1,"featured_media":217033,"comment_status":"open","ping_status":"open","sticky":false,"template":"","format":"standard","meta":{"_et_pb_use_builder":"on","_et_pb_old_content":"","_et_gb_content_width":""},"categories":[28],"tags":[],"jetpack_featured_media_url":"https:\/\/i0.wp.com\/fonderie-infocom.net\/premieresepreuvesentrevuesbelfort\/wp-content\/uploads\/2022\/04\/photographe-de-plateau.jpg?fit=1000%2C666&ssl=1","_links":{"self":[{"href":"https:\/\/fonderie-infocom.net\/premieresepreuvesentrevuesbelfort\/index.php?rest_route=\/wp\/v2\/posts\/217014"}],"collection":[{"href":"https:\/\/fonderie-infocom.net\/premieresepreuvesentrevuesbelfort\/index.php?rest_route=\/wp\/v2\/posts"}],"about":[{"href":"https:\/\/fonderie-infocom.net\/premieresepreuvesentrevuesbelfort\/index.php?rest_route=\/wp\/v2\/types\/post"}],"author":[{"embeddable":true,"href":"https:\/\/fonderie-infocom.net\/premieresepreuvesentrevuesbelfort\/index.php?rest_route=\/wp\/v2\/users\/1"}],"replies":[{"embeddable":true,"href":"https:\/\/fonderie-infocom.net\/premieresepreuvesentrevuesbelfort\/index.php?rest_route=%2Fwp%2Fv2%2Fcomments&post=217014"}],"version-history":[{"count":3,"href":"https:\/\/fonderie-infocom.net\/premieresepreuvesentrevuesbelfort\/index.php?rest_route=\/wp\/v2\/posts\/217014\/revisions"}],"predecessor-version":[{"id":217035,"href":"https:\/\/fonderie-infocom.net\/premieresepreuvesentrevuesbelfort\/index.php?rest_route=\/wp\/v2\/posts\/217014\/revisions\/217035"}],"wp:featuredmedia":[{"embeddable":true,"href":"https:\/\/fonderie-infocom.net\/premieresepreuvesentrevuesbelfort\/index.php?rest_route=\/wp\/v2\/media\/217033"}],"wp:attachment":[{"href":"https:\/\/fonderie-infocom.net\/premieresepreuvesentrevuesbelfort\/index.php?rest_route=%2Fwp%2Fv2%2Fmedia&parent=217014"}],"wp:term":[{"taxonomy":"category","embeddable":true,"href":"https:\/\/fonderie-infocom.net\/premieresepreuvesentrevuesbelfort\/index.php?rest_route=%2Fwp%2Fv2%2Fcategories&post=217014"},{"taxonomy":"post_tag","embeddable":true,"href":"https:\/\/fonderie-infocom.net\/premieresepreuvesentrevuesbelfort\/index.php?rest_route=%2Fwp%2Fv2%2Ftags&post=217014"}],"curies":[{"name":"wp","href":"https:\/\/api.w.org\/{rel}","templated":true}]}}